{"id":3265,"date":"2024-11-12T23:38:21","date_gmt":"2024-11-12T22:38:21","guid":{"rendered":"https:\/\/www.cardenaldonmarcelo.es\/?p=3265"},"modified":"2024-11-12T23:41:03","modified_gmt":"2024-11-12T22:41:03","slug":"toletana","status":"publish","type":"post","link":"https:\/\/www.cardenaldonmarcelo.es\/index.php\/2024\/11\/12\/toletana\/","title":{"rendered":"Toletana"},"content":{"rendered":"\n<p>En 2018 la revista Toletana, editada por el Instituto teol\u00f3gico de san Ildefonso dedic\u00f3 un n\u00famero extraordinario con motivo del centenario del nacimiento de d. Marcelo. Por cortes\u00eda de esta instituci\u00f3n ponemos a disposici\u00f3n de los lectores de esta web el n\u00famero completo.<\/p>\n\n\n<iframe class=\"embed-pdf-viewer\" src=\"https:\/\/www.cardenaldonmarcelo.es\/wp-content\/uploads\/2024\/11\/revista_toletana.1.pdf\" height=\"600\" width=\"600\" title=\"Array\"><\/iframe>","protected":false},"excerpt":{"rendered":"<p>En 2018 la revista Toletana, editada por el Instituto teol\u00f3gico de san Ildefonso dedic\u00f3 un n\u00famero extraordinario con motivo del centenario del nacimiento de d. Marcelo. Por cortes\u00eda de esta instituci\u00f3n ponemos a disposici\u00f3n de los lectores de esta web el n\u00famero completo.<\/p>\n","protected":false},"author":1,"featured_media":3267,"comment_status":"closed","ping_status":"","sticky":false,"template":"","format":"standard","meta":{"saved_in_kubio":false,"_eb_attr":"","ngg_post_thumbnail":0,"footnotes":""},"categories":[99],"tags":[],"class_list":["post-3265","post","type-post","status-publish","format-standard","has-post-thumbnail","hentry","category-articulos-y-revistas"],"jetpack_featured_media_url":"https:\/\/www.cardenaldonmarcelo.es\/wp-content\/uploads\/2024\/11\/portada.toletana.jpg","rttpg_featured_image_url":{"full":["https:\/\/www.cardenaldonmarcelo.es\/wp-content\/uploads\/2024\/11\/portada.toletana.jpg",768,922,false],"landscape":["https:\/\/www.cardenaldonmarcelo.es\/wp-content\/uploads\/2024\/11\/portada.toletana.jpg",768,922,false],"portraits":["https:\/\/www.cardenaldonmarcelo.es\/wp-content\/uploads\/2024\/11\/portada.toletana.jpg",768,922,false],"thumbnail":["https:\/\/www.cardenaldonmarcelo.es\/wp-content\/uploads\/2024\/11\/portada.toletana-150x150.jpg",150,150,true],"medium":["https:\/\/www.cardenaldonmarcelo.es\/wp-content\/uploads\/2024\/11\/portada.toletana-250x300.jpg",250,300,true],"large":["https:\/\/www.cardenaldonmarcelo.es\/wp-content\/uploads\/2024\/11\/portada.toletana.jpg",768,922,false],"1536x1536":["https:\/\/www.cardenaldonmarcelo.es\/wp-content\/uploads\/2024\/11\/portada.toletana.jpg",768,922,false],"2048x2048":["https:\/\/www.cardenaldonmarcelo.es\/wp-content\/uploads\/2024\/11\/portada.toletana.jpg",768,922,false],"kubio-fullhd":["https:\/\/www.cardenaldonmarcelo.es\/wp-content\/uploads\/2024\/11\/portada.toletana.jpg",768,922,false],"jetpack-portfolio-admin-thumb":["https:\/\/www.cardenaldonmarcelo.es\/wp-content\/uploads\/2024\/11\/portada.toletana-50x50.jpg",50,50,true]},"rttpg_author":{"display_name":"P. Webmaster","author_link":"https:\/\/www.cardenaldonmarcelo.es\/index.php\/author\/currante\/"},"rttpg_comment":0,"rttpg_category":"<a href=\"https:\/\/www.cardenaldonmarcelo.es\/index.php\/category\/articulos-y-revistas\/\" rel=\"category tag\">Art\u00edculos y revistas<\/a>","rttpg_excerpt":"En 2018 la revista Toletana, editada por el Instituto teol\u00f3gico de san Ildefonso dedic\u00f3 un n\u00famero extraordinario con motivo del centenario del nacimiento de d. Marcelo. Por cortes\u00eda de esta instituci\u00f3n ponemos a disposici\u00f3n de los lectores de esta web el n\u00famero completo.","_links":{"self":[{"href":"https:\/\/www.cardenaldonmarcelo.es\/index.php\/wp-json\/wp\/v2\/posts\/3265","targetHints":{"allow":["GET"]}}],"collection":[{"href":"https:\/\/www.cardenaldonmarcelo.es\/index.php\/wp-json\/wp\/v2\/posts"}],"about":[{"href":"https:\/\/www.cardenaldonmarcelo.es\/index.php\/wp-json\/wp\/v2\/types\/post"}],"author":[{"embeddable":true,"href":"https:\/\/www.cardenaldonmarcelo.es\/index.php\/wp-json\/wp\/v2\/users\/1"}],"replies":[{"embeddable":true,"href":"https:\/\/www.cardenaldonmarcelo.es\/index.php\/wp-json\/wp\/v2\/comments?post=3265"}],"version-history":[{"count":3,"href":"https:\/\/www.cardenaldonmarcelo.es\/index.php\/wp-json\/wp\/v2\/posts\/3265\/revisions"}],"predecessor-version":[{"id":3270,"href":"https:\/\/www.cardenaldonmarcelo.es\/index.php\/wp-json\/wp\/v2\/posts\/3265\/revisions\/3270"}],"wp:featuredmedia":[{"embeddable":true,"href":"https:\/\/www.cardenaldonmarcelo.es\/index.php\/wp-json\/wp\/v2\/media\/3267"}],"wp:attachment":[{"href":"https:\/\/www.cardenaldonmarcelo.es\/index.php\/wp-json\/wp\/v2\/media?parent=3265"}],"wp:term":[{"taxonomy":"category","embeddable":true,"href":"https:\/\/www.cardenaldonmarcelo.es\/index.php\/wp-json\/wp\/v2\/categories?post=3265"},{"taxonomy":"post_tag","embeddable":true,"href":"https:\/\/www.cardenaldonmarcelo.es\/index.php\/wp-json\/wp\/v2\/tags?post=3265"}],"curies":[{"name":"wp","href":"https:\/\/api.w.org\/{rel}","templated":true}]}}