{"id":3254,"date":"2024-11-03T19:24:06","date_gmt":"2024-11-03T18:24:06","guid":{"rendered":"https:\/\/www.cardenaldonmarcelo.es\/?p=3254"},"modified":"2024-11-03T19:27:26","modified_gmt":"2024-11-03T18:27:26","slug":"don-marcelo-obispo","status":"publish","type":"post","link":"https:\/\/www.cardenaldonmarcelo.es\/index.php\/2024\/11\/03\/don-marcelo-obispo\/","title":{"rendered":"Don Marcelo, obispo"},"content":{"rendered":"\n<p><\/p>\n\n\n\n<div class=\"wp-block-columns alignfull is-layout-flex wp-container-core-columns-is-layout-9d6595d7 wp-block-columns-is-layout-flex\">\n<div class=\"wp-block-column is-layout-flow wp-block-column-is-layout-flow\" style=\"flex-basis:50%\">\n<div class=\"wp-block-cover is-light\" style=\"min-height:600px;aspect-ratio:unset;\"><span aria-hidden=\"true\" class=\"wp-block-cover__background has-background-dim-100 has-background-dim\" style=\"background-color:#f6f6f6\"><\/span><div class=\"wp-block-cover__inner-container is-layout-flow wp-block-cover-is-layout-flow\"><div class=\"wp-block-image\">\n<figure class=\"aligncenter size-medium is-resized\"><img fetchpriority=\"high\" decoding=\"async\" width=\"218\" height=\"300\" src=\"https:\/\/www.cardenaldonmarcelo.es\/wp-content\/uploads\/2024\/11\/MA.velasco-218x300.jpg\" alt=\"\" class=\"wp-image-3253\" style=\"width:376px;height:auto\" srcset=\"https:\/\/www.cardenaldonmarcelo.es\/wp-content\/uploads\/2024\/11\/MA.velasco-218x300.jpg 218w, https:\/\/www.cardenaldonmarcelo.es\/wp-content\/uploads\/2024\/11\/MA.velasco-745x1024.jpg 745w, https:\/\/www.cardenaldonmarcelo.es\/wp-content\/uploads\/2024\/11\/MA.velasco-768x1056.jpg 768w, https:\/\/www.cardenaldonmarcelo.es\/wp-content\/uploads\/2024\/11\/MA.velasco-785x1080.jpg 785w, https:\/\/www.cardenaldonmarcelo.es\/wp-content\/uploads\/2024\/11\/MA.velasco.jpg 848w\" sizes=\"(max-width: 218px) 100vw, 218px\" \/><\/figure>\n<\/div><\/div><\/div>\n<\/div>\n\n\n\n<div class=\"wp-block-column is-vertically-aligned-center is-layout-flow wp-block-column-is-layout-flow\" style=\"padding-top:1em;padding-right:1em;padding-bottom:1em;padding-left:1em\">\n<div class=\"wp-block-columns is-layout-flex wp-container-core-columns-is-layout-9d6595d7 wp-block-columns-is-layout-flex\">\n<div class=\"wp-block-column is-layout-flow wp-block-column-is-layout-flow\" style=\"flex-basis:320px\">\n<p class=\"has-small-font-size\" style=\"line-height:1.6\">Esta publicaci\u00f3n se hizo en 1986, y trabajaron en el comit\u00e9 de redacci\u00f3n D. Rafael Palmero, D. Santiago Mart\u00ednez Acebes, D. Evencio C\u00f3freces Merino, D. Antonio Hdez. Sonseca, D. Antonio Sainz Pardo, D. Enrique Carrillo, D. Jaime Colomina y D. Cleof\u00e9 S\u00e1nchez Montealegre.<\/p>\n\n\n\n<p>El libro es un homenaje a d. Marcelo por sus bodas de plata episcopales, y por desgracia, est\u00e1 descatalogado en  nuestros d\u00edas y recoge testimonios de su ministerio episcopal, as\u00ed como de los inicios de su sacerdocio. <\/p>\n\n\n\n<p>Fue redactada por D. Miguel \u00c1ngel Velasco.<\/p>\n<\/div>\n<\/div>\n<\/div>\n<\/div>\n","protected":false},"excerpt":{"rendered":"<p>Esta publicaci\u00f3n se hizo en 1986, y trabajaron en el comit\u00e9 de redacci\u00f3n D. Rafael Palmero, D. Santiago Mart\u00ednez Acebes, D. Evencio C\u00f3freces Merino, D. Antonio Hdez. Sonseca, D. Antonio Sainz Pardo, D. Enrique Carrillo, D. Jaime Colomina y D. Cleof\u00e9 S\u00e1nchez Montealegre. El libro es un homenaje a d. Marcelo por sus bodas de [&hellip;]<\/p>\n","protected":false},"author":1,"featured_media":0,"comment_status":"closed","ping_status":"","sticky":false,"template":"","format":"standard","meta":{"saved_in_kubio":false,"_eb_attr":"","ngg_post_thumbnail":0,"footnotes":""},"categories":[90],"tags":[],"class_list":["post-3254","post","type-post","status-publish","format-standard","hentry","category-libros-sobre-d-marcelo"],"jetpack_featured_media_url":"","rttpg_featured_image_url":null,"rttpg_author":{"display_name":"P. Webmaster","author_link":"https:\/\/www.cardenaldonmarcelo.es\/index.php\/author\/currante\/"},"rttpg_comment":0,"rttpg_category":"<a href=\"https:\/\/www.cardenaldonmarcelo.es\/index.php\/category\/libros-sobre-d-marcelo\/\" rel=\"category tag\">Libros sobre d. Marcelo<\/a>","rttpg_excerpt":"Esta publicaci\u00f3n se hizo en 1986, y trabajaron en el comit\u00e9 de redacci\u00f3n D. Rafael Palmero, D. Santiago Mart\u00ednez Acebes, D. Evencio C\u00f3freces Merino, D. Antonio Hdez. Sonseca, D. Antonio Sainz Pardo, D. Enrique Carrillo, D. Jaime Colomina y D. Cleof\u00e9 S\u00e1nchez Montealegre. El libro es un homenaje a d. Marcelo por sus bodas de&hellip;","_links":{"self":[{"href":"https:\/\/www.cardenaldonmarcelo.es\/index.php\/wp-json\/wp\/v2\/posts\/3254","targetHints":{"allow":["GET"]}}],"collection":[{"href":"https:\/\/www.cardenaldonmarcelo.es\/index.php\/wp-json\/wp\/v2\/posts"}],"about":[{"href":"https:\/\/www.cardenaldonmarcelo.es\/index.php\/wp-json\/wp\/v2\/types\/post"}],"author":[{"embeddable":true,"href":"https:\/\/www.cardenaldonmarcelo.es\/index.php\/wp-json\/wp\/v2\/users\/1"}],"replies":[{"embeddable":true,"href":"https:\/\/www.cardenaldonmarcelo.es\/index.php\/wp-json\/wp\/v2\/comments?post=3254"}],"version-history":[{"count":3,"href":"https:\/\/www.cardenaldonmarcelo.es\/index.php\/wp-json\/wp\/v2\/posts\/3254\/revisions"}],"predecessor-version":[{"id":3260,"href":"https:\/\/www.cardenaldonmarcelo.es\/index.php\/wp-json\/wp\/v2\/posts\/3254\/revisions\/3260"}],"wp:attachment":[{"href":"https:\/\/www.cardenaldonmarcelo.es\/index.php\/wp-json\/wp\/v2\/media?parent=3254"}],"wp:term":[{"taxonomy":"category","embeddable":true,"href":"https:\/\/www.cardenaldonmarcelo.es\/index.php\/wp-json\/wp\/v2\/categories?post=3254"},{"taxonomy":"post_tag","embeddable":true,"href":"https:\/\/www.cardenaldonmarcelo.es\/index.php\/wp-json\/wp\/v2\/tags?post=3254"}],"curies":[{"name":"wp","href":"https:\/\/api.w.org\/{rel}","templated":true}]}}