{"id":2563,"date":"2024-10-13T18:23:28","date_gmt":"2024-10-13T16:23:28","guid":{"rendered":"https:\/\/www.cardenaldonmarcelo.es\/?p=2563"},"modified":"2024-10-13T18:23:28","modified_gmt":"2024-10-13T16:23:28","slug":"don-marcelo-y-la-liturgia","status":"publish","type":"post","link":"https:\/\/www.cardenaldonmarcelo.es\/index.php\/2024\/10\/13\/don-marcelo-y-la-liturgia\/","title":{"rendered":"Don Marcelo y la liturgia"},"content":{"rendered":"\n<p class=\"has-text-align-center has-small-font-size\">Andr\u00e9s Pardo, Publicado en <em>ALFA Y OMEGA<\/em> 9-9-2004<\/p>\n\n\n\n<p>La huella sacerdotal y pastoral que, en servicio y fidelidad a la Iglesia, ha dejado el cardenal Don Marcelo, en sus fecundos ministerios episcopales en Astorga, Barcelona y, sobre todo, en Toledo, es imborrable. En estos d\u00edas, con motivo de su fallecimiento, se ha puesto de relieve. Su obra siempre se ha canalizado por el cauce ordenado y fecundo de la aut\u00e9ntica renovaci\u00f3n querida por el Vaticano II, en el que particip\u00f3 activamente como Padre conciliar. Pero pienso que no se ha subrayado suficientemente su decisiva postura y acci\u00f3n para promover la liturgia como expresi\u00f3n, proclamaci\u00f3n y celebraci\u00f3n de la fe, sobre todo en sus nueve a\u00f1os como Presidente de la Comisi\u00f3n episcopal de Liturgia.<\/p>\n\n\n\n<p>Don Marcelo pasar\u00e1 a la Historia por haber promovido y alentado la unificaci\u00f3n del texto del Ordinario de la Misa y de las Plegarias Eucar\u00edsticas para todos los pa\u00edses de lengua espa\u00f1ola, la de m\u00e1s uso actualmente en la Iglesia cat\u00f3lica, y por su empe\u00f1o y dedicaci\u00f3n para lograr la actualizaci\u00f3n de la liturgia hispano moz\u00e1rabe. Estos dos hechos son de una importancia trascendental.<\/p>\n\n\n\n<p>Don Marcelo estaba firmemente persuadido de que merec\u00eda la pena buscar y lograr la unidad de los textos centrales del Misal, aunque hubiese que sacrificar ciertas preferencias, nacidas o de las traducciones hechas, o del uso ya establecido, o del gusto que la repetici\u00f3n y la pr\u00e1ctica pastoral ha podido originar. En las varias reuniones tenidas en Roma con este motivo (1984-1986), en las que participaban los Presidentes y Secretarios de las respectivas Comisiones Nacionales de Liturgia de habla espa\u00f1ola, el arzobispo de Toledo siempre subray\u00f3 la total disponibilidad de Espa\u00f1a a favor de la unificaci\u00f3n de textos, promovida por la Congregaci\u00f3n del Culto Divino. Todos los trabajos se desarrollaron en la perspectiva esperanzadora de la preparaci\u00f3n del V Centenario del comienzo de la evangelizaci\u00f3n del continente americano.<\/p>\n\n\n\n<p>Si el cardenal Cisneros, consciente del patrimonio teol\u00f3gico, lit\u00fargico y cultural del venerable rito hispano moz\u00e1rabe, edit\u00f3 en 1500 el Misal para asegurar su permanencia, y fund\u00f3 la Capilla Moz\u00e1rabe para que se celebrara tan venerable liturgia, el cardenal Don Marcelo crey\u00f3 oportuno afrontar una reforma profunda del mismo, purific\u00e1ndolo de elementos no propios, y tom\u00f3 la decisi\u00f3n hist\u00f3rica de revitalizarlo y actualizarlo seg\u00fan las normas del Vaticano II, editando el <em>Missale Hispano-Mozarabicum<\/em> y el <em>Liber Commicus<\/em> o Lecionario.<\/p>\n\n\n\n<p>La Iglesia, tanto en Espa\u00f1a e Hispanoam\u00e9rica como especialmente en Toledo, le agradecer\u00e1 siempre su amor y dedicaci\u00f3n a la liturgia.<\/p>\n\n\n\n<p><\/p>\n","protected":false},"excerpt":{"rendered":"<p>Andr\u00e9s Pardo, Publicado en ALFA Y OMEGA 9-9-2004 La huella sacerdotal y pastoral que, en servicio y fidelidad a la Iglesia, ha dejado el cardenal Don Marcelo, en sus fecundos ministerios episcopales en Astorga, Barcelona y, sobre todo, en Toledo, es imborrable. En estos d\u00edas, con motivo de su fallecimiento, se ha puesto de relieve. [&hellip;]<\/p>\n","protected":false},"author":1,"featured_media":2564,"comment_status":"closed","ping_status":"","sticky":false,"template":"","format":"standard","meta":{"saved_in_kubio":false,"_eb_attr":"","ngg_post_thumbnail":0,"footnotes":""},"categories":[92],"tags":[],"class_list":["post-2563","post","type-post","status-publish","format-standard","has-post-thumbnail","hentry","category-in-memoriam"],"jetpack_featured_media_url":"https:\/\/www.cardenaldonmarcelo.es\/wp-content\/uploads\/2024\/10\/andres.pardo_.jpg","rttpg_featured_image_url":{"full":["https:\/\/www.cardenaldonmarcelo.es\/wp-content\/uploads\/2024\/10\/andres.pardo_.jpg",474,485,false],"landscape":["https:\/\/www.cardenaldonmarcelo.es\/wp-content\/uploads\/2024\/10\/andres.pardo_.jpg",474,485,false],"portraits":["https:\/\/www.cardenaldonmarcelo.es\/wp-content\/uploads\/2024\/10\/andres.pardo_.jpg",474,485,false],"thumbnail":["https:\/\/www.cardenaldonmarcelo.es\/wp-content\/uploads\/2024\/10\/andres.pardo_-150x150.jpg",150,150,true],"medium":["https:\/\/www.cardenaldonmarcelo.es\/wp-content\/uploads\/2024\/10\/andres.pardo_-293x300.jpg",293,300,true],"large":["https:\/\/www.cardenaldonmarcelo.es\/wp-content\/uploads\/2024\/10\/andres.pardo_.jpg",474,485,false],"1536x1536":["https:\/\/www.cardenaldonmarcelo.es\/wp-content\/uploads\/2024\/10\/andres.pardo_.jpg",474,485,false],"2048x2048":["https:\/\/www.cardenaldonmarcelo.es\/wp-content\/uploads\/2024\/10\/andres.pardo_.jpg",474,485,false],"kubio-fullhd":["https:\/\/www.cardenaldonmarcelo.es\/wp-content\/uploads\/2024\/10\/andres.pardo_.jpg",474,485,false],"jetpack-portfolio-admin-thumb":["https:\/\/www.cardenaldonmarcelo.es\/wp-content\/uploads\/2024\/10\/andres.pardo_.jpg",50,50,false]},"rttpg_author":{"display_name":"P. Webmaster","author_link":"https:\/\/www.cardenaldonmarcelo.es\/index.php\/author\/currante\/"},"rttpg_comment":0,"rttpg_category":"<a href=\"https:\/\/www.cardenaldonmarcelo.es\/index.php\/category\/in-memoriam\/\" rel=\"category tag\">In memoriam<\/a>","rttpg_excerpt":"Andr\u00e9s Pardo, Publicado en ALFA Y OMEGA 9-9-2004 La huella sacerdotal y pastoral que, en servicio y fidelidad a la Iglesia, ha dejado el cardenal Don Marcelo, en sus fecundos ministerios episcopales en Astorga, Barcelona y, sobre todo, en Toledo, es imborrable. En estos d\u00edas, con motivo de su fallecimiento, se ha puesto de relieve.&hellip;","_links":{"self":[{"href":"https:\/\/www.cardenaldonmarcelo.es\/index.php\/wp-json\/wp\/v2\/posts\/2563","targetHints":{"allow":["GET"]}}],"collection":[{"href":"https:\/\/www.cardenaldonmarcelo.es\/index.php\/wp-json\/wp\/v2\/posts"}],"about":[{"href":"https:\/\/www.cardenaldonmarcelo.es\/index.php\/wp-json\/wp\/v2\/types\/post"}],"author":[{"embeddable":true,"href":"https:\/\/www.cardenaldonmarcelo.es\/index.php\/wp-json\/wp\/v2\/users\/1"}],"replies":[{"embeddable":true,"href":"https:\/\/www.cardenaldonmarcelo.es\/index.php\/wp-json\/wp\/v2\/comments?post=2563"}],"version-history":[{"count":1,"href":"https:\/\/www.cardenaldonmarcelo.es\/index.php\/wp-json\/wp\/v2\/posts\/2563\/revisions"}],"predecessor-version":[{"id":2565,"href":"https:\/\/www.cardenaldonmarcelo.es\/index.php\/wp-json\/wp\/v2\/posts\/2563\/revisions\/2565"}],"wp:featuredmedia":[{"embeddable":true,"href":"https:\/\/www.cardenaldonmarcelo.es\/index.php\/wp-json\/wp\/v2\/media\/2564"}],"wp:attachment":[{"href":"https:\/\/www.cardenaldonmarcelo.es\/index.php\/wp-json\/wp\/v2\/media?parent=2563"}],"wp:term":[{"taxonomy":"category","embeddable":true,"href":"https:\/\/www.cardenaldonmarcelo.es\/index.php\/wp-json\/wp\/v2\/categories?post=2563"},{"taxonomy":"post_tag","embeddable":true,"href":"https:\/\/www.cardenaldonmarcelo.es\/index.php\/wp-json\/wp\/v2\/tags?post=2563"}],"curies":[{"name":"wp","href":"https:\/\/api.w.org\/{rel}","templated":true}]}}