{"id":2551,"date":"2024-10-13T18:06:53","date_gmt":"2024-10-13T16:06:53","guid":{"rendered":"https:\/\/www.cardenaldonmarcelo.es\/?p=2551"},"modified":"2024-10-13T18:06:53","modified_gmt":"2024-10-13T16:06:53","slug":"un-articulo-en-la-fiesta-de-san-marcelo","status":"publish","type":"post","link":"https:\/\/www.cardenaldonmarcelo.es\/index.php\/2024\/10\/13\/un-articulo-en-la-fiesta-de-san-marcelo\/","title":{"rendered":"Un art\u00edculo en la fiesta de san Marcelo"},"content":{"rendered":"\n<p class=\"has-text-align-center has-small-font-size\">D. Rafael Palmero Ramos (+) Obispo em\u00e9rito de Orihuela ALicante, ABC de Toledo, 16-1-2007<\/p>\n\n\n\n<p>Evocadora fecha para muchos, la del 16 de enero. En especial para quienes celebramos con don Marcelo, muchos a\u00f1os, uno tras otro, su santo y su cumplea\u00f1os, en casa, en familia, con calor de hogar. Tambi\u00e9n para quienes coincid\u00edamos con \u00e9l a primera hora de la ma\u00f1ana -seminaristas entonces de Toledo- para participar en la Eucarist\u00eda y compartir un desayuno de invierno, chocolate con churros, sabros\u00edsimos y reci\u00e9n hechos.<\/p>\n\n\n\n<p>Despu\u00e9s ven\u00eda el retiro en su despacho, durante toda la ma\u00f1ana. Y la atenci\u00f3n personal a llamadas de muchas partes de la geograf\u00eda. Llov\u00edan en esta fecha las felicitaciones y eran muchos, much\u00edsimos, los que de veras se interesaban por la salud de tan querido padre y pastor.<\/p>\n\n\n\n<p>A la hora del almuerzo, como en la velada de la tarde, qu\u00e9 momentos tan entra\u00f1ables y distendidos. Don Marcelo -no hace falta el apellido- re\u00eda, nos ten\u00eda embelesados, y se hac\u00eda querer&#8230; Daba la impresi\u00f3n de que, reviviendo acontecimientos y situaciones, don Marcelo perd\u00eda a\u00f1os en esta fecha memorable. No era s\u00f3lo su onom\u00e1stica, sino tambi\u00e9n cumplea\u00f1os. Miraba atr\u00e1s, recordaba y actualizaba&#8230; De modo especial mientras tuvo a su lado a su hermana, Angelita. Hab\u00edan crecido juntos, sin padre desde muy peque\u00f1os.<\/p>\n\n\n\n<p>De 1995 a 2005, 10 a\u00f1os de cardenal arzobispo em\u00e9rito, don Marcelo estuvo tambi\u00e9n acompa\u00f1ado, cada 16 de enero, del grupo cercano de familiares y amigos. Sus fuerzas f\u00edsicas fueron debilit\u00e1ndose progresivamente y, como explica San Agust\u00edn, tambi\u00e9n a \u00e9l la enfermedad le hizo parecer largo lo que siempre es corto&#8230; Quiz\u00e1 porque la vida presente es s\u00f3lo una larga enfermedad. Sin olvidar que, tambi\u00e9n en su caso, la salud fue siempre concordia de las partes de que estaba formado.<\/p>\n\n\n\n<p>Fecha concreta y definida, la del 16 de enero. En ella, oteaba a\u00f1os atr\u00e1s tan buen timonel, desde su propia barca, el horizonte inmenso de una Iglesia universal y, por lo mismo abierta, acogedora, madre. \u00abBuscaba a toda costa el equilibrio entre los postulados inmutables del \u00absiempre\u00bb con las variaciones impuestas \u00abhoy\u00bb\u00bb, precisa el cardenal Javierre, que conoci\u00f3 muy bien a este su buen amigo. \u00abNo nos detenga m\u00e1s de lo justo -hab\u00eda dicho un d\u00eda don Marcelo en la consideraci\u00f3n del pasado; ni nos arrastre m\u00e1s de lo conveniente la estimaci\u00f3n del futuro&#8230; Renovemos cuanto hay que renovar; conservemos siempre lo que tiene valor inalterable\u00bb.<\/p>\n\n\n\n<p><strong>Con esta s\u00edntesis equilibrada de continuidad y novedad, en que convergen valores permanentes y variables impuestas por exigencias hist\u00f3ricas, podemos fijarnos hoy, deseosos de encontrar un hito firme y orientador -uno entre tantos-, en el camino que seguimos recorriendo quienes a\u00fan peregrinamos.<\/strong><\/p>\n\n\n\n<p>El camino, hoy, como ayer y siempre, tiene nombre: Jesucristo, nuestro Se\u00f1or, que otorga el amor y recrimina la codicia. Algunos se angustian por la escasez y otros por la abundancia&#8230; Abundancia de aquello que es superfluo en la vida para recibir lo que nos haga vivir siempre. La recomendaci\u00f3n es del obispo de Hipona. Don Marcelo fue cardenal de la Santa Iglesia con el T\u00edtulo de San Agust\u00edn&#8230;<\/p>\n\n\n\n<p><strong>Publicado en <\/strong><em><strong>ABC de Toledo<\/strong><\/em><\/p>\n\n\n\n<p><\/p>\n","protected":false},"excerpt":{"rendered":"<p>D. Rafael Palmero Ramos (+) Obispo em\u00e9rito de Orihuela ALicante, ABC de Toledo, 16-1-2007 Evocadora fecha para muchos, la del 16 de enero. En especial para quienes celebramos con don Marcelo, muchos a\u00f1os, uno tras otro, su santo y su cumplea\u00f1os, en casa, en familia, con calor de hogar. Tambi\u00e9n para quienes coincid\u00edamos con \u00e9l [&hellip;]<\/p>\n","protected":false},"author":1,"featured_media":2487,"comment_status":"closed","ping_status":"","sticky":false,"template":"","format":"standard","meta":{"saved_in_kubio":false,"_eb_attr":"","ngg_post_thumbnail":0,"footnotes":""},"categories":[83],"tags":[],"class_list":["post-2551","post","type-post","status-publish","format-standard","has-post-thumbnail","hentry","category-escritos-sobre-don-marcelo"],"jetpack_featured_media_url":"https:\/\/www.cardenaldonmarcelo.es\/wp-content\/uploads\/2024\/10\/Rafael-Palmero.png","rttpg_featured_image_url":{"full":["https:\/\/www.cardenaldonmarcelo.es\/wp-content\/uploads\/2024\/10\/Rafael-Palmero.png",626,472,false],"landscape":["https:\/\/www.cardenaldonmarcelo.es\/wp-content\/uploads\/2024\/10\/Rafael-Palmero.png",626,472,false],"portraits":["https:\/\/www.cardenaldonmarcelo.es\/wp-content\/uploads\/2024\/10\/Rafael-Palmero.png",626,472,false],"thumbnail":["https:\/\/www.cardenaldonmarcelo.es\/wp-content\/uploads\/2024\/10\/Rafael-Palmero-150x150.png",150,150,true],"medium":["https:\/\/www.cardenaldonmarcelo.es\/wp-content\/uploads\/2024\/10\/Rafael-Palmero-300x226.png",300,226,true],"large":["https:\/\/www.cardenaldonmarcelo.es\/wp-content\/uploads\/2024\/10\/Rafael-Palmero.png",626,472,false],"1536x1536":["https:\/\/www.cardenaldonmarcelo.es\/wp-content\/uploads\/2024\/10\/Rafael-Palmero.png",626,472,false],"2048x2048":["https:\/\/www.cardenaldonmarcelo.es\/wp-content\/uploads\/2024\/10\/Rafael-Palmero.png",626,472,false],"kubio-fullhd":["https:\/\/www.cardenaldonmarcelo.es\/wp-content\/uploads\/2024\/10\/Rafael-Palmero.png",626,472,false],"jetpack-portfolio-admin-thumb":["https:\/\/www.cardenaldonmarcelo.es\/wp-content\/uploads\/2024\/10\/Rafael-Palmero.png",50,38,false]},"rttpg_author":{"display_name":"P. Webmaster","author_link":"https:\/\/www.cardenaldonmarcelo.es\/index.php\/author\/currante\/"},"rttpg_comment":0,"rttpg_category":"<a href=\"https:\/\/www.cardenaldonmarcelo.es\/index.php\/category\/escritos-sobre-don-marcelo\/\" rel=\"category tag\">Escritos sobre don Marcelo<\/a>","rttpg_excerpt":"D. Rafael Palmero Ramos (+) Obispo em\u00e9rito de Orihuela ALicante, ABC de Toledo, 16-1-2007 Evocadora fecha para muchos, la del 16 de enero. En especial para quienes celebramos con don Marcelo, muchos a\u00f1os, uno tras otro, su santo y su cumplea\u00f1os, en casa, en familia, con calor de hogar. Tambi\u00e9n para quienes coincid\u00edamos con \u00e9l&hellip;","_links":{"self":[{"href":"https:\/\/www.cardenaldonmarcelo.es\/index.php\/wp-json\/wp\/v2\/posts\/2551","targetHints":{"allow":["GET"]}}],"collection":[{"href":"https:\/\/www.cardenaldonmarcelo.es\/index.php\/wp-json\/wp\/v2\/posts"}],"about":[{"href":"https:\/\/www.cardenaldonmarcelo.es\/index.php\/wp-json\/wp\/v2\/types\/post"}],"author":[{"embeddable":true,"href":"https:\/\/www.cardenaldonmarcelo.es\/index.php\/wp-json\/wp\/v2\/users\/1"}],"replies":[{"embeddable":true,"href":"https:\/\/www.cardenaldonmarcelo.es\/index.php\/wp-json\/wp\/v2\/comments?post=2551"}],"version-history":[{"count":1,"href":"https:\/\/www.cardenaldonmarcelo.es\/index.php\/wp-json\/wp\/v2\/posts\/2551\/revisions"}],"predecessor-version":[{"id":2552,"href":"https:\/\/www.cardenaldonmarcelo.es\/index.php\/wp-json\/wp\/v2\/posts\/2551\/revisions\/2552"}],"wp:featuredmedia":[{"embeddable":true,"href":"https:\/\/www.cardenaldonmarcelo.es\/index.php\/wp-json\/wp\/v2\/media\/2487"}],"wp:attachment":[{"href":"https:\/\/www.cardenaldonmarcelo.es\/index.php\/wp-json\/wp\/v2\/media?parent=2551"}],"wp:term":[{"taxonomy":"category","embeddable":true,"href":"https:\/\/www.cardenaldonmarcelo.es\/index.php\/wp-json\/wp\/v2\/categories?post=2551"},{"taxonomy":"post_tag","embeddable":true,"href":"https:\/\/www.cardenaldonmarcelo.es\/index.php\/wp-json\/wp\/v2\/tags?post=2551"}],"curies":[{"name":"wp","href":"https:\/\/api.w.org\/{rel}","templated":true}]}}