{"id":2549,"date":"2024-10-13T18:01:52","date_gmt":"2024-10-13T16:01:52","guid":{"rendered":"https:\/\/www.cardenaldonmarcelo.es\/?p=2549"},"modified":"2024-10-13T18:07:33","modified_gmt":"2024-10-13T16:07:33","slug":"don-marcelo-fundador-de-las-escuelas-diocesanas-de-catequistas","status":"publish","type":"post","link":"https:\/\/www.cardenaldonmarcelo.es\/index.php\/2024\/10\/13\/don-marcelo-fundador-de-las-escuelas-diocesanas-de-catequistas\/","title":{"rendered":"Don marcelo, fundador de las escuelas diocesanas de catequistas"},"content":{"rendered":"\n<p class=\"has-text-align-center has-small-font-size\">D. \u00c1ngel Rubio, obispo em\u00e9rito de Segovia, Agosto 2012<\/p>\n\n\n\n<p>D. Marcelo desde que lleg\u00f3 a Toledo en 1972 el objetivo marcado era: el seminario, las vocaciones y los catequistas. As\u00ed como los sacerdotes son los inmediatos colaboradores del Obispo, los catequistas los son de los sacerdotes, sol\u00eda decir D. Marcelo. \u00c9l era el primer bi\u00f3grafo de San Enrique de Oss\u00f3, llamado por \u00e9l beato Juan Pablo II, \u201ccatequista genial\u201d y sab\u00eda y exige a los catequistas una solida formaci\u00f3n doctrinal. Suscit\u00f3 en la di\u00f3cesis una verdadera m\u00edstica de la catequesis pero una m\u00edstica encarnada en una organizaci\u00f3n adecuada y eficaz. Ten\u00eda la seguridad que si funciona bien la catequesis, en las iglesias locales, todo el resto resulta m\u00e1s f\u00e1cil.<\/p>\n\n\n\n<p>Desde las primeras visitas pastorales a las parroquias, en las jornadas diocesanas de catequesis, en los encuentros arciprestales, D. Marcelo ha estado presente para insistir a tiempo y a destiempo. \u00abHemos de llegar a tener miles de catequistas colaborando en todas las parroquias, grandes y peque\u00f1as de la Di\u00f3cesis, para transmitir la fe y ayudar a vivirla con su ejemplo con su adoctrinamiento y con su alegr\u00eda de ser y sentirse cristianos fieles a lo que el magisterio de la Iglesia nos ense\u00f1a\u00bb (I Jornada diocesana, 21-VI-1983).<\/p>\n\n\n\n<p>En el curso 1973-74, el Sr. Cardenal organiza en la ciudad de Toledo un centro de formaci\u00f3n \u00abpara padres catequistas de sus propios hijos que dirigir\u00e1 y coordinar\u00e1 el Secretariado diocesano de Catequesis una vez por semana\u00bb (Bolet\u00edn, octubre 1973). Este Centro comenz\u00f3 en el Colegio Medalla Milagrosa con mucha asistencia y participaci\u00f3n.<\/p>\n\n\n\n<p>En 1976, desde el Secretariado Diocesano, se coordin\u00f3 el trabajo del cuestionario que estudiaba el proyecto de respuesta a los Obispos desde Roma por la Secretar\u00eda del S\u00ednodo para preparar la Asamblea Sinodal sobre la \u00abCatequesis en nuestro tiempo con especial referencia a la catequesis de ni\u00f1os y de los j\u00f3venes\u00bb. Participo toda la di\u00f3cesis en LINEAMENTA del S\u00ednodo.<\/p>\n\n\n\n<p>Con motivo de la beatificaci\u00f3n del Beato Enrique de Oss\u00f3, al celebrar la Eucarist\u00eda de acci\u00f3n de gracias, en la Bas\u00edlica de San Pablo en Roma, dirigi\u00e9ndose a las hermanas de la Compa\u00f1\u00eda de Santa Teresa de Jes\u00fas, subraya la oportunidad de su labor y expresa lo que va a presentar como intenci\u00f3n en la Misa. Lo dice as\u00ed: \u00ab&#8230; que organic\u00e9is y fund\u00e9is Escuelas de Catequistas no s\u00f3lo en tierras de misi\u00f3n. Aqu\u00ed, aqu\u00ed. Digo aqu\u00ed como si estuviera hablando de Espa\u00f1a; en Espa\u00f1a, nuestra Di\u00f3cesis y en otras naciones. Capacitaros, religiosas, para formar estas Escuelas y para ir cada a\u00f1o logrando grupos de Catequistas que en la familia, en la parroquia y donde quiera que est\u00e9n contribuyan a que la fe sea cada vez mejor amada, defendida y propagada\u00bb.<\/p>\n\n\n\n<p>\u00bfFue Enrique de Oss\u00f3 el que inspir\u00f3 estas frases tan comprometedoras para la Compa\u00f1\u00eda de Santa Teresa de Jes\u00fas y aun para toda la di\u00f3cesis? \u00bfSon las 50 Escuelas de Catequistas, que se organizaron en Toledo, la respuesta generosa del Se\u00f1or a aquella petici\u00f3n de un 15 de octubre -festividad de Santa Teresa?. Las realidades pr\u00f3ximas al misterio quiz\u00e1 se interpretan mejor desde la contemplaci\u00f3n silenciosa que desde la torpe explicaci\u00f3n de los acontecimientos.<\/p>\n\n\n\n<p>Concretamente el 6 de septiembre de 1980 el Sr. Cardenal escribe a los p\u00e1rrocos urgiendo la creaci\u00f3n de Escuelas de Catequistas: \u00abPido que en todas las parroquias o a nivel arciprestal haya una Escuela de Catequistas, siguiendo la programaci\u00f3n de la Vicar\u00eda Episcopal de Ense\u00f1anza y Catequesis\u00bb (Bolet\u00edn, septiembre-octubre, 1980).<\/p>\n\n\n\n<p>Lo que se intenta ahora es trabajar organizadamente, lograr una capacitaci\u00f3n que garantice el quehacer catequ\u00e9tico en orden a la ense\u00f1anza doctrinal y a la vivencia de la fe cristiana. En nuestros encuentros se ha definido as\u00ed la Escuela de Catequistas: Un centro de educaci\u00f3n en la fe donde aquellos que se sienten llamados a ejercer el \u00abarte\u00bb de la catequesis descubran m\u00e1s profundamente, a nivel de conocimiento y de vida, la persona y mensaje de Jesucristo. Conozcan las caracter\u00edsticas ambientales y psicol\u00f3gicas de los que van a recibir su influjo. Y se perfeccionen- en la praxis, en el c\u00f3mo lograr una mayor eficacia en vistas al fin que se propone la catequesis: hacer que crezca y se desarrolle el germen de fe sembrado por el Esp\u00edritu Santo con el primer anuncio del Evangelio y trasmitido eficazmente a trav\u00e9s del Bautismo (cfr. C.T., 20).<\/p>\n\n\n\n<p>Las Escuelas de Catequistas no tienen la mira de una promoci\u00f3n eventual; quieren ser algo m\u00e1s: un foco permanente de educaci\u00f3n en la fe, que irradie, en el seno de la comunidad parroquial y en el propio ambiente social, conocimiento y amor a Jesucristo. Por ello importa mucho echar buenos cimientos. La perseverancia, a pesar de las dificultades que toda obra entra\u00f1a en sus comienzos, ser\u00e1 la mejor manera de despertar en otros la vocaci\u00f3n de catequista. Ser\u00e1, tambi\u00e9n, la forma de lograr, por v\u00eda de experiencia, Escuelas con calidad, con m\u00e9todo, con empuje apost\u00f3lico.<\/p>\n\n\n\n<p>As\u00ed se expresaba el Sr. Cardenal a los sacerdotes: \u00abSeguid creando Escuelas de Catequistas, en pueblos grandes y en pueblos peque\u00f1os. Es un medio de catequesis de adultos porque los primeros que van a recibir catequesis son los que luego la van a dar y los que participan durante estos a\u00f1os en una Escuela en que se comprometen seguir reflexionando ordenada y sistem\u00e1ticamente sobre temas de Historia de la Salvaci\u00f3n, de humanismos, de Sagrada Escritura, de Antiguo y Nuevo\u00a1 Testamento&#8230; Todo esto es conocer la religi\u00f3n para amarla, ya hay una catequesis. Por consiguiente, donde haya Escuela de Catequesis hay ya asegurada catequesis de adultos&#8230; (Bolet\u00edn, julio-agosto 1986).<\/p>\n\n\n\n<p>Junto a las Escuelas de Catequistas el Sr. Cardenal convoca el d\u00eda 19 de junio de 1983, la I Jornada Diocesana del Catequista con una participaci\u00f3n de m\u00e1s de 1.500 catequistas, y as\u00ed fueron celebr\u00e1ndose todos los a\u00f1os.<\/p>\n\n\n\n<p>El objetivo era compartir y profundizar en la vocaci\u00f3n y en la misi\u00f3n que la Iglesia nos ha confiado. Cada jornada ten\u00eda caracter\u00edsticas particulares. En todas ha estado presente el Sr. Cardenal, todas han terminado con la entrega del Diploma Diocesano de Catequista a los que hab\u00edan terminado la programaci\u00f3n de la Escuela Diocesana. Estas fueron las palabras finales del Sr. Cardenal en la II Jornada de 1984: \u00abGuardad este Diploma, tan sencillo y tan humilde, ponedlo en un marco, eso os recordar\u00e1 durante toda la vida un esfuerzo muy noble que hab\u00e9is hecho para ayudar a la causa santa del Evangelio\u00bb (Bolet\u00edn, julio-agosto, 1984). Lleg\u00f3 a entregar DIMPLOMAS a m\u00e1s de mil catequistas. D. Marcelo se convirti\u00f3 en el primer catequista de la di\u00f3cesis y fundador de escuelas de catequistas. Le falt\u00f3 tiempo, para que antes de cerrar el primer Centenario de la muerte de San Enrique de Oss\u00f3 canonizado por el Papa en Madrid en junio de 1993 solicit\u00f3 proponer a San Enrique que fuera el patrono de los Catequistas espa\u00f1oles la solicitud que cont\u00f3 con el informe favorable de la Subcomisi\u00f3n Episcopal de Catequesis fue estudiada y aprobada por la LXVIII asamblea Plenaria del 17- 21 de noviembre de 1992 y al a\u00f1o siguiente la Congregaci\u00f3n para el Culto Divino emiti\u00f3 un decreto declarando a San Enrique de Oss\u00f3 Patrono de los Catequistas espa\u00f1oles (16 de noviembre de 1997). Porque explicaba D. Marcelo, que todos los catequistas necesitaban, el patrocinio, la fuerza y el ejemplo del Santo para organizar y fundar Escuelas diocesanas de catequistas.<\/p>\n\n\n\n<p>+Angel Rubio, Obispo de Segovia<\/p>\n\n\n\n<p>Agosto de 2012<\/p>\n","protected":false},"excerpt":{"rendered":"<p>D. \u00c1ngel Rubio, obispo em\u00e9rito de Segovia, Agosto 2012 D. Marcelo desde que lleg\u00f3 a Toledo en 1972 el objetivo marcado era: el seminario, las vocaciones y los catequistas. As\u00ed como los sacerdotes son los inmediatos colaboradores del Obispo, los catequistas los son de los sacerdotes, sol\u00eda decir D. Marcelo. \u00c9l era el primer bi\u00f3grafo [&hellip;]<\/p>\n","protected":false},"author":1,"featured_media":2544,"comment_status":"closed","ping_status":"","sticky":false,"template":"","format":"standard","meta":{"saved_in_kubio":false,"_eb_attr":"","ngg_post_thumbnail":0,"footnotes":""},"categories":[83],"tags":[],"class_list":["post-2549","post","type-post","status-publish","format-standard","has-post-thumbnail","hentry","category-escritos-sobre-don-marcelo"],"jetpack_featured_media_url":"https:\/\/www.cardenaldonmarcelo.es\/wp-content\/uploads\/2024\/10\/angel_rubio.jpg","rttpg_featured_image_url":{"full":["https:\/\/www.cardenaldonmarcelo.es\/wp-content\/uploads\/2024\/10\/angel_rubio.jpg",1223,800,false],"landscape":["https:\/\/www.cardenaldonmarcelo.es\/wp-content\/uploads\/2024\/10\/angel_rubio.jpg",1223,800,false],"portraits":["https:\/\/www.cardenaldonmarcelo.es\/wp-content\/uploads\/2024\/10\/angel_rubio.jpg",1223,800,false],"thumbnail":["https:\/\/www.cardenaldonmarcelo.es\/wp-content\/uploads\/2024\/10\/angel_rubio-150x150.jpg",150,150,true],"medium":["https:\/\/www.cardenaldonmarcelo.es\/wp-content\/uploads\/2024\/10\/angel_rubio-300x196.jpg",300,196,true],"large":["https:\/\/www.cardenaldonmarcelo.es\/wp-content\/uploads\/2024\/10\/angel_rubio-1024x670.jpg",1024,670,true],"1536x1536":["https:\/\/www.cardenaldonmarcelo.es\/wp-content\/uploads\/2024\/10\/angel_rubio.jpg",1223,800,false],"2048x2048":["https:\/\/www.cardenaldonmarcelo.es\/wp-content\/uploads\/2024\/10\/angel_rubio.jpg",1223,800,false],"kubio-fullhd":["https:\/\/www.cardenaldonmarcelo.es\/wp-content\/uploads\/2024\/10\/angel_rubio.jpg",1223,800,false],"jetpack-portfolio-admin-thumb":["https:\/\/www.cardenaldonmarcelo.es\/wp-content\/uploads\/2024\/10\/angel_rubio.jpg",50,33,false]},"rttpg_author":{"display_name":"P. Webmaster","author_link":"https:\/\/www.cardenaldonmarcelo.es\/index.php\/author\/currante\/"},"rttpg_comment":0,"rttpg_category":"<a href=\"https:\/\/www.cardenaldonmarcelo.es\/index.php\/category\/escritos-sobre-don-marcelo\/\" rel=\"category tag\">Escritos sobre don Marcelo<\/a>","rttpg_excerpt":"D. \u00c1ngel Rubio, obispo em\u00e9rito de Segovia, Agosto 2012 D. Marcelo desde que lleg\u00f3 a Toledo en 1972 el objetivo marcado era: el seminario, las vocaciones y los catequistas. As\u00ed como los sacerdotes son los inmediatos colaboradores del Obispo, los catequistas los son de los sacerdotes, sol\u00eda decir D. Marcelo. \u00c9l era el primer bi\u00f3grafo&hellip;","_links":{"self":[{"href":"https:\/\/www.cardenaldonmarcelo.es\/index.php\/wp-json\/wp\/v2\/posts\/2549","targetHints":{"allow":["GET"]}}],"collection":[{"href":"https:\/\/www.cardenaldonmarcelo.es\/index.php\/wp-json\/wp\/v2\/posts"}],"about":[{"href":"https:\/\/www.cardenaldonmarcelo.es\/index.php\/wp-json\/wp\/v2\/types\/post"}],"author":[{"embeddable":true,"href":"https:\/\/www.cardenaldonmarcelo.es\/index.php\/wp-json\/wp\/v2\/users\/1"}],"replies":[{"embeddable":true,"href":"https:\/\/www.cardenaldonmarcelo.es\/index.php\/wp-json\/wp\/v2\/comments?post=2549"}],"version-history":[{"count":1,"href":"https:\/\/www.cardenaldonmarcelo.es\/index.php\/wp-json\/wp\/v2\/posts\/2549\/revisions"}],"predecessor-version":[{"id":2550,"href":"https:\/\/www.cardenaldonmarcelo.es\/index.php\/wp-json\/wp\/v2\/posts\/2549\/revisions\/2550"}],"wp:featuredmedia":[{"embeddable":true,"href":"https:\/\/www.cardenaldonmarcelo.es\/index.php\/wp-json\/wp\/v2\/media\/2544"}],"wp:attachment":[{"href":"https:\/\/www.cardenaldonmarcelo.es\/index.php\/wp-json\/wp\/v2\/media?parent=2549"}],"wp:term":[{"taxonomy":"category","embeddable":true,"href":"https:\/\/www.cardenaldonmarcelo.es\/index.php\/wp-json\/wp\/v2\/categories?post=2549"},{"taxonomy":"post_tag","embeddable":true,"href":"https:\/\/www.cardenaldonmarcelo.es\/index.php\/wp-json\/wp\/v2\/tags?post=2549"}],"curies":[{"name":"wp","href":"https:\/\/api.w.org\/{rel}","templated":true}]}}