{"id":2543,"date":"2024-10-13T00:46:44","date_gmt":"2024-10-12T22:46:44","guid":{"rendered":"https:\/\/www.cardenaldonmarcelo.es\/?p=2543"},"modified":"2024-10-13T00:46:44","modified_gmt":"2024-10-12T22:46:44","slug":"cincuenta-visitas-de-d-marcelo-a-guadalupe","status":"publish","type":"post","link":"https:\/\/www.cardenaldonmarcelo.es\/index.php\/2024\/10\/13\/cincuenta-visitas-de-d-marcelo-a-guadalupe\/","title":{"rendered":"Cincuenta visitas de D. Marcelo a Guadalupe"},"content":{"rendered":"\n<p class=\"has-text-align-center has-small-font-size\">\u00c1NGEL RUBIO CASTRO, Obispo de Segovia Publicado en <em>Padrenuestro<\/em> 22 de enero de 1995<\/p>\n\n\n\n<p>Quien escribe este testimonio, a parte de otras cosas, tuvo la suerte de nacer en Guadalupe. El servicio pastoral que realiz\u00f3 en esta di\u00f3cesis primada desde que lleg\u00f3 don Marcelo me ha permitido el honor inmerecido de acompa\u00f1ar al prelado a todas las parroquias de la di\u00f3cesis, especialmente cuando se trataba de la visita pastoral para administrar el sacramento de la confirmaci\u00f3n.<\/p>\n\n\n\n<p>Desde 1972, cuando don Marcelo fue nombrado arzobispo de Toledo, ha acudido a Guadalupe todos los a\u00f1os en las fiestas marianas de septiembre y en otras muchas ocasiones. Siempre ha ido a rezar, a predicar, a fomentar el culto y la devoci\u00f3n a la Sant\u00edsima Virgen, a bendecir y alentar a los peregrinos, y a \u201c<em>recibir fuerzas para seguir cumpliendo con mis deberes propios de sacerdote y de obispo<\/em>\u201d.<\/p>\n\n\n\n<p>Hemos rezado muchas veces el rosario y las letan\u00edas a la Virgen por aquellas interminables curvas y pesada carretera. Pasan de 50 las visitas del Cardenal a Guadalupe en estos veintitr\u00e9s a\u00f1os de arzobispo primado. Ha sido el mejor regalo que don Marcelo ha tra\u00eddo a la Virgen de Guadalupe, de tal manera que, superando en mucho a sus ilustres predecesores en la Sede Primada en sus relaciones con Guadalupe, su nombre ha entrado de lleno en la historia de la devoci\u00f3n a la Virgen extreme\u00f1a.<\/p>\n\n\n\n<p><strong>Carta de Hermandad de la Orden Franciscana<\/strong><\/p>\n\n\n\n<p>Por eso, la Orden Franciscana le concedi\u00f3 en 1978 Carta de hermandad, que don Marcelo agradeci\u00f3 profundamente al Padre General, y dej\u00f3 plasmado en el libro de visitantes ilustres: \u201c<em>Siempre que he venido a Guadalupe como Arzobispo de Toledo (con esta son ya 17 veces) he salido con deseos de volver pronto. Volver\u00e9 siempre pro amor a la Virgen Mar\u00eda y por hermandad con los Padres franciscanos, de los que acabo de recibir carta de fraternidad<\/em>\u2026\u201d<\/p>\n\n\n\n<p>El pueblo de Guadalupe le otorg\u00f3 en 1982 el t\u00edtulo de \u201cHijo adoptivo de la Villa y Puebla\u201d, porque en nuestro pueblo le llaman \u201cpico de oro\u201d por lo bien que se explica, por su manera de ser, de decir y escribir, hablando de Dios y de la Virgen de Guadalupe.<\/p>\n\n\n\n<p>Cuando don Marcelo lleg\u00f3 a Toledo hab\u00eda visitado casi todos los santuarios marianos de Espa\u00f1a m\u00e1s conocidos, pero estaba \u201cintranquilo\u201d porque no conoc\u00eda Guadalupe y esperaba una ocasi\u00f3n oportuna, que Dios le prepar\u00f3 con creces al ser nombrado obispo toledano de este territorio extreme\u00f1o, donde se encuentra la catedral de las Villuercas con la bendita imagen de Guadalupe.<\/p>\n\n\n\n<p><strong>Un puente con 50 ojos<\/strong><\/p>\n\n\n\n<p>Si un arzobispo de Toledo, en 1388, mand\u00f3 construir un puente de piedra sobre el r\u00edo Tajo para facilitar el paso a los peregrinos que ven\u00edan a Guadalupe, don Marcelo, a las puertas del tercer milenio, ha edificado un largo puente con 50 ojos, para multiplicar la peregrinaci\u00f3n de grupos y de muchedumbres, como son las jornadas diocesanas de la juventud que se vienen celebrando todos los a\u00f1os y mantener viva la llama de una amistad nacida de la fe entre los pueblos de Espa\u00f1a y el continente americano, como lo manifest\u00f3 el Primado, el 12 de octubre de 1992 en el V Centenario del Descubrimiento y Evangelizaci\u00f3n de Am\u00e9rica, en el atrio del monasterio con la asistencia destacada de dos mil quinientos j\u00f3venes toledanos, a quienes se unieron cerca de un millar de madrile\u00f1os que tambi\u00e9n hab\u00edan participado en la quinta peregrinaci\u00f3n diocesana de la juventud.<\/p>\n\n\n\n<p>Guadalupe vivi\u00f3 este d\u00eda una jornada hist\u00f3rica que presidi\u00f3 el Cardenal Primado, quien al contemplar el caudaloso r\u00edo de j\u00f3venes que hab\u00edan entrado en la plaza, exclam\u00f3 con su voz potente: \u201c<em>Nunca ha habido en esta plaza tantos j\u00f3venes unidos por un ideal, por una vida limpia y de sacrificio para ser testigos de los valores del Evangelio<\/em>\u201d.<\/p>\n\n\n\n<p>Aquello era una ola humana, cuando los peregrinos ve\u00edan realizados todos los deseos: postrarse ante la Virgen de Guadalupe. Don Marcelo lleva en su alma este nombre de Guadalupe y convoca todos los a\u00f1os a los sacerdotes de aquellos territorios pertenecientes a Toledo, para celebrar un retiro espiritual bajo la mirada silenciosa de la Virgen.<\/p>\n\n\n\n<p>Don Marcelo respeta, acepta y orienta la religiosidad popular que se vive en Guadalupe, y as\u00ed lo escribi\u00f3 en la carta pastoral con motivo del cincuenta aniversario de la coronaci\u00f3n can\u00f3nica de la Virgen de Guadalupe: \u201c<em>Quiero lograr un centro de formaci\u00f3n y acci\u00f3n lit\u00fargica y pastoral, especialmente orientada al mundo rural, para impulsar y enriquecer esa religi\u00f3n del pueblo<\/em>\u201d.<\/p>\n\n\n\n<p>En Guadalupe se celebr\u00f3 la VI Jornada Diocesana del Catequista en el A\u00f1o Mariano de 1988. En Guadalupe presidi\u00f3 don Marcelo en 1973, la misa concelebrada y televisada en directo con motivo de la peregrinaci\u00f3n por el grupo de antiguos peregrinos de Santiago. Desde Guadalupe recorri\u00f3 todo el arciprestazgo en 1975 para administrar el sacramento de la confirmaci\u00f3n.<\/p>\n\n\n\n<p>A Guadalupe lleg\u00f3 don Marcelo en helic\u00f3ptero acompa\u00f1ando al Santo Padre, el Papa Juan Pablo II, en la fecha inolvidable del 4 de noviembre de 1982. Como obispo propio del lugar, el Cardenal Primado ofreci\u00f3 al Papa el homenaje de amor de Extremadura entera, pueblo marcado por la devoci\u00f3n filial a Santa Mar\u00eda de Guadalupe. En el claustro mud\u00e9jar (el de los milagros) se ha dejado constancia pict\u00f3rica de este acontecimiento del primer viaje del Papa a Espa\u00f1a, pasando por Guadalupe gracias a las gestiones de don Marcelo. Todo por la Morenita, que es la rosa mejor y principal de este jard\u00edn extreme\u00f1o.<\/p>\n\n\n\n<p>Cuando hace apenas un a\u00f1o que Guadalupe fue declarado por la UNESCO patrimonio de la humanidad, all\u00ed estaba don Marcelo para hacer una s\u00faplica a la Virgen de Guadalupe, porque \u201c<em>el valor de la humanidad es el hombre y sus obras, cuando se hacen (como en este a\u00f1o) inspirados por la belleza arquitect\u00f3nica y por la fe<\/em>\u201d.<\/p>\n\n\n\n<p>Si el emperador Carlos V, al retirarse al monasterio de Yuste, todos los meses recib\u00eda del padre prior de Guadalupe unos corderitos criados y alimentados con pan y con los pastos de Guadalupe, porque eran los corderitos m\u00e1s tiernos y sabrosos que \u00e9l, en su ancianidad enferma, pod\u00eda tomar, tambi\u00e9n don Marcelo recibir\u00e1 de Guadalupe el homenaje glorioso y agradecido, con el t\u00edtulo de Cardenal de Santa Mar\u00eda de Guadalupe, en Extremadura y en la Di\u00f3cesis entera.<\/p>\n\n\n\n<p><\/p>\n","protected":false},"excerpt":{"rendered":"<p>\u00c1NGEL RUBIO CASTRO, Obispo de Segovia Publicado en Padrenuestro 22 de enero de 1995 Quien escribe este testimonio, a parte de otras cosas, tuvo la suerte de nacer en Guadalupe. El servicio pastoral que realiz\u00f3 en esta di\u00f3cesis primada desde que lleg\u00f3 don Marcelo me ha permitido el honor inmerecido de acompa\u00f1ar al prelado a [&hellip;]<\/p>\n","protected":false},"author":1,"featured_media":2544,"comment_status":"closed","ping_status":"","sticky":false,"template":"","format":"standard","meta":{"saved_in_kubio":false,"_eb_attr":"","ngg_post_thumbnail":0,"footnotes":""},"categories":[83],"tags":[],"class_list":["post-2543","post","type-post","status-publish","format-standard","has-post-thumbnail","hentry","category-escritos-sobre-don-marcelo"],"jetpack_featured_media_url":"https:\/\/www.cardenaldonmarcelo.es\/wp-content\/uploads\/2024\/10\/angel_rubio.jpg","rttpg_featured_image_url":{"full":["https:\/\/www.cardenaldonmarcelo.es\/wp-content\/uploads\/2024\/10\/angel_rubio.jpg",1223,800,false],"landscape":["https:\/\/www.cardenaldonmarcelo.es\/wp-content\/uploads\/2024\/10\/angel_rubio.jpg",1223,800,false],"portraits":["https:\/\/www.cardenaldonmarcelo.es\/wp-content\/uploads\/2024\/10\/angel_rubio.jpg",1223,800,false],"thumbnail":["https:\/\/www.cardenaldonmarcelo.es\/wp-content\/uploads\/2024\/10\/angel_rubio-150x150.jpg",150,150,true],"medium":["https:\/\/www.cardenaldonmarcelo.es\/wp-content\/uploads\/2024\/10\/angel_rubio-300x196.jpg",300,196,true],"large":["https:\/\/www.cardenaldonmarcelo.es\/wp-content\/uploads\/2024\/10\/angel_rubio-1024x670.jpg",1024,670,true],"1536x1536":["https:\/\/www.cardenaldonmarcelo.es\/wp-content\/uploads\/2024\/10\/angel_rubio.jpg",1223,800,false],"2048x2048":["https:\/\/www.cardenaldonmarcelo.es\/wp-content\/uploads\/2024\/10\/angel_rubio.jpg",1223,800,false],"kubio-fullhd":["https:\/\/www.cardenaldonmarcelo.es\/wp-content\/uploads\/2024\/10\/angel_rubio.jpg",1223,800,false],"jetpack-portfolio-admin-thumb":["https:\/\/www.cardenaldonmarcelo.es\/wp-content\/uploads\/2024\/10\/angel_rubio.jpg",50,33,false]},"rttpg_author":{"display_name":"P. Webmaster","author_link":"https:\/\/www.cardenaldonmarcelo.es\/index.php\/author\/currante\/"},"rttpg_comment":0,"rttpg_category":"<a href=\"https:\/\/www.cardenaldonmarcelo.es\/index.php\/category\/escritos-sobre-don-marcelo\/\" rel=\"category tag\">Escritos sobre don Marcelo<\/a>","rttpg_excerpt":"\u00c1NGEL RUBIO CASTRO, Obispo de Segovia Publicado en Padrenuestro 22 de enero de 1995 Quien escribe este testimonio, a parte de otras cosas, tuvo la suerte de nacer en Guadalupe. El servicio pastoral que realiz\u00f3 en esta di\u00f3cesis primada desde que lleg\u00f3 don Marcelo me ha permitido el honor inmerecido de acompa\u00f1ar al prelado a&hellip;","_links":{"self":[{"href":"https:\/\/www.cardenaldonmarcelo.es\/index.php\/wp-json\/wp\/v2\/posts\/2543","targetHints":{"allow":["GET"]}}],"collection":[{"href":"https:\/\/www.cardenaldonmarcelo.es\/index.php\/wp-json\/wp\/v2\/posts"}],"about":[{"href":"https:\/\/www.cardenaldonmarcelo.es\/index.php\/wp-json\/wp\/v2\/types\/post"}],"author":[{"embeddable":true,"href":"https:\/\/www.cardenaldonmarcelo.es\/index.php\/wp-json\/wp\/v2\/users\/1"}],"replies":[{"embeddable":true,"href":"https:\/\/www.cardenaldonmarcelo.es\/index.php\/wp-json\/wp\/v2\/comments?post=2543"}],"version-history":[{"count":1,"href":"https:\/\/www.cardenaldonmarcelo.es\/index.php\/wp-json\/wp\/v2\/posts\/2543\/revisions"}],"predecessor-version":[{"id":2545,"href":"https:\/\/www.cardenaldonmarcelo.es\/index.php\/wp-json\/wp\/v2\/posts\/2543\/revisions\/2545"}],"wp:featuredmedia":[{"embeddable":true,"href":"https:\/\/www.cardenaldonmarcelo.es\/index.php\/wp-json\/wp\/v2\/media\/2544"}],"wp:attachment":[{"href":"https:\/\/www.cardenaldonmarcelo.es\/index.php\/wp-json\/wp\/v2\/media?parent=2543"}],"wp:term":[{"taxonomy":"category","embeddable":true,"href":"https:\/\/www.cardenaldonmarcelo.es\/index.php\/wp-json\/wp\/v2\/categories?post=2543"},{"taxonomy":"post_tag","embeddable":true,"href":"https:\/\/www.cardenaldonmarcelo.es\/index.php\/wp-json\/wp\/v2\/tags?post=2543"}],"curies":[{"name":"wp","href":"https:\/\/api.w.org\/{rel}","templated":true}]}}