{"id":2541,"date":"2024-10-13T00:41:20","date_gmt":"2024-10-12T22:41:20","guid":{"rendered":"https:\/\/www.cardenaldonmarcelo.es\/?p=2541"},"modified":"2024-10-13T00:50:59","modified_gmt":"2024-10-12T22:50:59","slug":"don-marcelo-gonzalez-martin-un-gran-regalo-de-dios","status":"publish","type":"post","link":"https:\/\/www.cardenaldonmarcelo.es\/index.php\/2024\/10\/13\/don-marcelo-gonzalez-martin-un-gran-regalo-de-dios\/","title":{"rendered":"Don Marcelo Gonz\u00e1lez Mart\u00edn, un gran regalo de Dios"},"content":{"rendered":"\n<p class=\"has-text-align-center has-small-font-size\">Una carmelita de la Aldehuela (Madrid)<\/p>\n\n\n\n<p>El pasado 25 de agosto de 2004 descans\u00f3 en el Se\u00f1or el Cardenal Arzobispo Em\u00e9rito de Toledo, Primado de Espa\u00f1a, Don Marcelo Gonz\u00e1lez Mart\u00edn, una de las m\u00e1s grandes figuras de la Iglesia espa\u00f1ola contempor\u00e1nea.<\/p>\n\n\n\n<p>Pastor bueno y maestro fiel, fue sol\u00edcito en atender a su grey, sacerdotes, religiosos y laicos. Su intenso amor a Jesucristo y su extraordinaria capacidad y prudencia dieron como espl\u00e9ndidos frutos, entre muchos otros, los florecientes seminarios de su di\u00f3cesis toledana.<\/p>\n\n\n\n<p>Don Marcelo, como todos cari\u00f1osamente le llam\u00e1bamos, am\u00f3 entra\u00f1ablemente a Santa Teresa de Jes\u00fas y a su obra: el Carmelo Teresiano. Durante treinta y dos a\u00f1os fue pregonando su amor por la gran santa con su presencia y sus predicaciones llenas de fuego, cada 26 de agosto \u2013fiesta de la transverberaci\u00f3n del coraz\u00f3n de Santa Teresa- en el venerable Monasterio de la Encarnaci\u00f3n de \u00c1vila, donde la santa abulense recibi\u00f3 d Dios esta gracia. El nombre de don Marcelo quedar\u00e1 vinculado para siempre al misterio del coraz\u00f3n transverberado de la Madre Teresa y de sus hijas.<\/p>\n\n\n\n<p>Este profundo amor al Carmelo se remonta ya a sus primeros a\u00f1os de sacerdocio. En el a\u00f1o 1946, dirigi\u00f3 a una joven al Carmelo de Mancera de Abajo, donde era priora Santa Maravillas de Jes\u00fas. Alg\u00fan tiempo despu\u00e9s, la Madre, ante la imposibilidad de que la postulante siguiera en el convento, llam\u00f3 a su director. Es ahora cuando se encontraron por primera vez la Santa y el futuro Cardenal. Ella se dio cuenta de que aquel sacerdote era fuera de lo com\u00fan, y en una carta dirigida ala priora del Cerro de los \u00c1ngeles, hizo de \u00e9l esta encantadora descripci\u00f3n:<\/p>\n\n\n\n<p>\u201cPor la tarde lleg\u00f3 su hermana (de la postulante) con el confesor, que es un ni\u00f1o de 27 a\u00f1os bon\u00edsimo de fervoroso, simp\u00e1tico y listo, peor que el pobre me dec\u00eda: \u201cMadre, yo le confieso que no tengo experiencia ninguna\u201d.<\/p>\n\n\n\n<p>Solo dos pinceladas para dar una idea de la veneraci\u00f3n de don Marcelo por Santa Maravillas, y el rosario de alabanzas que \u00e9l ha ido desgranando en honor de esta en sus homil\u00edas con motivo de diversas celebraciones de la Madre, o en algunos pr\u00f3logos de obras dedicadas a ella. Expresiones como estas: \u201cLa M. Maravillas es una monja extraordinaria, de una vida sant\u00edsima\u201d; \u201centre los tesoros que el padre postulador (Sime\u00f3n de la Sagrada Familia, O. C. D) ha tenido en sus manos para alcanzar la beatificaci\u00f3n de la Iglesia, dif\u00edcilmente habr\u00e1 uno que tenga m\u00e1s grandeza que el de esta humilde monja, que consumi\u00f3 parte de su vida en este Carmelo de La Aldehuela\u201d; \u201cesta casa (La Aldehuela) es un foco de luz maravillosa, por el recuerdo que guarda de la M. Maravillas. Ella est\u00e1 influyendo sobre toda Espa\u00f1a, y aun sobre otros lugares del mundo donde se estima la vida religiosa en toda su pureza\u201d.<\/p>\n\n\n\n<p>Qued\u00e9monos, finalmente con unas breves l\u00edneas que don Marcelo dirigi\u00f3 a la M. Maravillas, en febrero de 1973, tras haber sido designado Cardenal por el papa Pablo VI: \u201cGracias, M. Maravillas. Hace muchos a\u00f1os que usted nos da lecciones de amor a la Iglesia en lo m\u00e1s puro que ella tiene\u201d.<\/p>\n\n\n\n<p>Y las carmelitas, agradecidas, concluimos: \u201cA usted, don Marcelo, gracias por haber recordado al mundo la perenne actualidad de la obra de nuestra Santa Madre Teresa, por haber reafirmado que su Camino de Perfecci\u00f3n vale hoy de la misma manera que vali\u00f3 ayer; gracias por haber amado tanto a la Iglesia y por habernos dado tambi\u00e9n esa sublimes lecciones\u201d.<\/p>\n","protected":false},"excerpt":{"rendered":"<p>Una carmelita de la Aldehuela (Madrid) El pasado 25 de agosto de 2004 descans\u00f3 en el Se\u00f1or el Cardenal Arzobispo Em\u00e9rito de Toledo, Primado de Espa\u00f1a, Don Marcelo Gonz\u00e1lez Mart\u00edn, una de las m\u00e1s grandes figuras de la Iglesia espa\u00f1ola contempor\u00e1nea. Pastor bueno y maestro fiel, fue sol\u00edcito en atender a su grey, sacerdotes, religiosos [&hellip;]<\/p>\n","protected":false},"author":1,"featured_media":2546,"comment_status":"closed","ping_status":"","sticky":false,"template":"","format":"standard","meta":{"saved_in_kubio":false,"_eb_attr":"","ngg_post_thumbnail":0,"footnotes":""},"categories":[92],"tags":[],"class_list":["post-2541","post","type-post","status-publish","format-standard","has-post-thumbnail","hentry","category-in-memoriam"],"jetpack_featured_media_url":"https:\/\/www.cardenaldonmarcelo.es\/wp-content\/uploads\/2024\/10\/carmelita.jpg","rttpg_featured_image_url":{"full":["https:\/\/www.cardenaldonmarcelo.es\/wp-content\/uploads\/2024\/10\/carmelita.jpg",625,504,false],"landscape":["https:\/\/www.cardenaldonmarcelo.es\/wp-content\/uploads\/2024\/10\/carmelita.jpg",625,504,false],"portraits":["https:\/\/www.cardenaldonmarcelo.es\/wp-content\/uploads\/2024\/10\/carmelita.jpg",625,504,false],"thumbnail":["https:\/\/www.cardenaldonmarcelo.es\/wp-content\/uploads\/2024\/10\/carmelita-150x150.jpg",150,150,true],"medium":["https:\/\/www.cardenaldonmarcelo.es\/wp-content\/uploads\/2024\/10\/carmelita-300x242.jpg",300,242,true],"large":["https:\/\/www.cardenaldonmarcelo.es\/wp-content\/uploads\/2024\/10\/carmelita.jpg",625,504,false],"1536x1536":["https:\/\/www.cardenaldonmarcelo.es\/wp-content\/uploads\/2024\/10\/carmelita.jpg",625,504,false],"2048x2048":["https:\/\/www.cardenaldonmarcelo.es\/wp-content\/uploads\/2024\/10\/carmelita.jpg",625,504,false],"kubio-fullhd":["https:\/\/www.cardenaldonmarcelo.es\/wp-content\/uploads\/2024\/10\/carmelita.jpg",625,504,false],"jetpack-portfolio-admin-thumb":["https:\/\/www.cardenaldonmarcelo.es\/wp-content\/uploads\/2024\/10\/carmelita.jpg",50,40,false]},"rttpg_author":{"display_name":"P. Webmaster","author_link":"https:\/\/www.cardenaldonmarcelo.es\/index.php\/author\/currante\/"},"rttpg_comment":0,"rttpg_category":"<a href=\"https:\/\/www.cardenaldonmarcelo.es\/index.php\/category\/in-memoriam\/\" rel=\"category tag\">In memoriam<\/a>","rttpg_excerpt":"Una carmelita de la Aldehuela (Madrid) El pasado 25 de agosto de 2004 descans\u00f3 en el Se\u00f1or el Cardenal Arzobispo Em\u00e9rito de Toledo, Primado de Espa\u00f1a, Don Marcelo Gonz\u00e1lez Mart\u00edn, una de las m\u00e1s grandes figuras de la Iglesia espa\u00f1ola contempor\u00e1nea. Pastor bueno y maestro fiel, fue sol\u00edcito en atender a su grey, sacerdotes, religiosos&hellip;","_links":{"self":[{"href":"https:\/\/www.cardenaldonmarcelo.es\/index.php\/wp-json\/wp\/v2\/posts\/2541","targetHints":{"allow":["GET"]}}],"collection":[{"href":"https:\/\/www.cardenaldonmarcelo.es\/index.php\/wp-json\/wp\/v2\/posts"}],"about":[{"href":"https:\/\/www.cardenaldonmarcelo.es\/index.php\/wp-json\/wp\/v2\/types\/post"}],"author":[{"embeddable":true,"href":"https:\/\/www.cardenaldonmarcelo.es\/index.php\/wp-json\/wp\/v2\/users\/1"}],"replies":[{"embeddable":true,"href":"https:\/\/www.cardenaldonmarcelo.es\/index.php\/wp-json\/wp\/v2\/comments?post=2541"}],"version-history":[{"count":1,"href":"https:\/\/www.cardenaldonmarcelo.es\/index.php\/wp-json\/wp\/v2\/posts\/2541\/revisions"}],"predecessor-version":[{"id":2542,"href":"https:\/\/www.cardenaldonmarcelo.es\/index.php\/wp-json\/wp\/v2\/posts\/2541\/revisions\/2542"}],"wp:featuredmedia":[{"embeddable":true,"href":"https:\/\/www.cardenaldonmarcelo.es\/index.php\/wp-json\/wp\/v2\/media\/2546"}],"wp:attachment":[{"href":"https:\/\/www.cardenaldonmarcelo.es\/index.php\/wp-json\/wp\/v2\/media?parent=2541"}],"wp:term":[{"taxonomy":"category","embeddable":true,"href":"https:\/\/www.cardenaldonmarcelo.es\/index.php\/wp-json\/wp\/v2\/categories?post=2541"},{"taxonomy":"post_tag","embeddable":true,"href":"https:\/\/www.cardenaldonmarcelo.es\/index.php\/wp-json\/wp\/v2\/tags?post=2541"}],"curies":[{"name":"wp","href":"https:\/\/api.w.org\/{rel}","templated":true}]}}