{"id":2532,"date":"2024-10-13T00:26:05","date_gmt":"2024-10-12T22:26:05","guid":{"rendered":"https:\/\/www.cardenaldonmarcelo.es\/?p=2532"},"modified":"2024-10-13T00:26:59","modified_gmt":"2024-10-12T22:26:59","slug":"castellano-cabal","status":"publish","type":"post","link":"https:\/\/www.cardenaldonmarcelo.es\/index.php\/2024\/10\/13\/castellano-cabal\/","title":{"rendered":"Castellano Cabal"},"content":{"rendered":"\n<p class=\"has-text-align-center has-small-font-size\">Santiago Mart\u00edn, Publicado en <em>ABC<\/em> 16-1-1993<\/p>\n\n\n\n<p>He visto a don Marcelo y le he saludado en un buen n\u00famero de ocasiones. He le\u00eddo algunos de sus escritos y buena parte de las pastorales de sus \u00faltimos a\u00f1os. He estudiado, incluso, sus intervenciones con motivo de la Constituci\u00f3n o de la Ley del Divorcio \u2013no hay que olvidar que este hombre es historia-. Pero ahora, al escribir sobre \u00e9l, debido a que el inexorable tiempo le hace hoy cruzar el umbral de la edad te\u00f3rica de jubilaci\u00f3n, solo hallan cabida en m\u00ed dos impresiones.<\/p>\n\n\n\n<p>La una es de cari\u00f1o. Me gusta ser agradecido, porque creo que esa es una cualidad noble que mis padres, castellanos, insistieron mucho en ense\u00f1arme. Y por eso guardo cari\u00f1o a un pr\u00edncipe de la Iglesia que ha sido siempre amable conmigo. Recuerdo una entrevista que le hice en su magn\u00edfico palacio toledano y con qu\u00e9 cortes\u00eda y finura de trato me recibi\u00f3 y obsequi\u00f3; virtud, por desgracia, tan escasa en otros prelados.<\/p>\n\n\n\n<p>La otra impresi\u00f3n recoge los frutos dulces de la admiraci\u00f3n. Yo vot\u00e9 \u201cs\u00ed\u201d a la Constituci\u00f3n, y no me arrepiento, ni siquiera ahora en que vemos cu\u00e1ntos fallos ten\u00eda y qu\u00e9 f\u00e1cil ha sido legislar desde ella en contra de la vida. Pero admiro la actitud valiente y leal de don Marcelo. Es un castellano de vieja estirpe; un hombre leal que dice lo que piensa y que lo dice abiertamente, a pesar de que eso le cause problemas e incluso graves enemistades y rencores.<\/p>\n\n\n\n<p>Pero, por encima de todo, don Marcelo es un hombre de la Iglesia y de Dios. Un caudillo de esos que a veces produce Espa\u00f1a y que ha puesto toda su ilusi\u00f3n y sus muchas cualidades al servicio de la causa m\u00e1s noble, la de Cristo. Me uno, adem\u00e1s, a \u00e9l en el \u00fanico favoritismo que ha mostrado siempre y que casi nadie conoce: su predilecci\u00f3n por los pobres, por socorrer a aquellos de sus hijos en los que est\u00e1 m\u00e1s presente el rostro crucificado del Se\u00f1or.<\/p>\n\n\n\n<p>Felicidades, se\u00f1or Cardenal, y enhorabuena por el ejemplo de honradez y servicio que ha brindado a la Iglesia y a la sociedad espa\u00f1ola.<\/p>\n","protected":false},"excerpt":{"rendered":"<p>Santiago Mart\u00edn, Publicado en ABC 16-1-1993 He visto a don Marcelo y le he saludado en un buen n\u00famero de ocasiones. He le\u00eddo algunos de sus escritos y buena parte de las pastorales de sus \u00faltimos a\u00f1os. He estudiado, incluso, sus intervenciones con motivo de la Constituci\u00f3n o de la Ley del Divorcio \u2013no hay [&hellip;]<\/p>\n","protected":false},"author":1,"featured_media":2533,"comment_status":"closed","ping_status":"","sticky":false,"template":"","format":"standard","meta":{"saved_in_kubio":false,"_eb_attr":"","ngg_post_thumbnail":0,"footnotes":""},"categories":[83],"tags":[],"class_list":["post-2532","post","type-post","status-publish","format-standard","has-post-thumbnail","hentry","category-escritos-sobre-don-marcelo"],"jetpack_featured_media_url":"https:\/\/www.cardenaldonmarcelo.es\/wp-content\/uploads\/2024\/10\/stygo.martin.jpg","rttpg_featured_image_url":{"full":["https:\/\/www.cardenaldonmarcelo.es\/wp-content\/uploads\/2024\/10\/stygo.martin.jpg",1000,665,false],"landscape":["https:\/\/www.cardenaldonmarcelo.es\/wp-content\/uploads\/2024\/10\/stygo.martin.jpg",1000,665,false],"portraits":["https:\/\/www.cardenaldonmarcelo.es\/wp-content\/uploads\/2024\/10\/stygo.martin.jpg",1000,665,false],"thumbnail":["https:\/\/www.cardenaldonmarcelo.es\/wp-content\/uploads\/2024\/10\/stygo.martin-150x150.jpg",150,150,true],"medium":["https:\/\/www.cardenaldonmarcelo.es\/wp-content\/uploads\/2024\/10\/stygo.martin-300x200.jpg",300,200,true],"large":["https:\/\/www.cardenaldonmarcelo.es\/wp-content\/uploads\/2024\/10\/stygo.martin.jpg",1000,665,false],"1536x1536":["https:\/\/www.cardenaldonmarcelo.es\/wp-content\/uploads\/2024\/10\/stygo.martin.jpg",1000,665,false],"2048x2048":["https:\/\/www.cardenaldonmarcelo.es\/wp-content\/uploads\/2024\/10\/stygo.martin.jpg",1000,665,false],"kubio-fullhd":["https:\/\/www.cardenaldonmarcelo.es\/wp-content\/uploads\/2024\/10\/stygo.martin.jpg",1000,665,false],"jetpack-portfolio-admin-thumb":["https:\/\/www.cardenaldonmarcelo.es\/wp-content\/uploads\/2024\/10\/stygo.martin.jpg",50,33,false]},"rttpg_author":{"display_name":"P. Webmaster","author_link":"https:\/\/www.cardenaldonmarcelo.es\/index.php\/author\/currante\/"},"rttpg_comment":0,"rttpg_category":"<a href=\"https:\/\/www.cardenaldonmarcelo.es\/index.php\/category\/escritos-sobre-don-marcelo\/\" rel=\"category tag\">Escritos sobre don Marcelo<\/a>","rttpg_excerpt":"Santiago Mart\u00edn, Publicado en ABC 16-1-1993 He visto a don Marcelo y le he saludado en un buen n\u00famero de ocasiones. He le\u00eddo algunos de sus escritos y buena parte de las pastorales de sus \u00faltimos a\u00f1os. He estudiado, incluso, sus intervenciones con motivo de la Constituci\u00f3n o de la Ley del Divorcio \u2013no hay&hellip;","_links":{"self":[{"href":"https:\/\/www.cardenaldonmarcelo.es\/index.php\/wp-json\/wp\/v2\/posts\/2532","targetHints":{"allow":["GET"]}}],"collection":[{"href":"https:\/\/www.cardenaldonmarcelo.es\/index.php\/wp-json\/wp\/v2\/posts"}],"about":[{"href":"https:\/\/www.cardenaldonmarcelo.es\/index.php\/wp-json\/wp\/v2\/types\/post"}],"author":[{"embeddable":true,"href":"https:\/\/www.cardenaldonmarcelo.es\/index.php\/wp-json\/wp\/v2\/users\/1"}],"replies":[{"embeddable":true,"href":"https:\/\/www.cardenaldonmarcelo.es\/index.php\/wp-json\/wp\/v2\/comments?post=2532"}],"version-history":[{"count":1,"href":"https:\/\/www.cardenaldonmarcelo.es\/index.php\/wp-json\/wp\/v2\/posts\/2532\/revisions"}],"predecessor-version":[{"id":2534,"href":"https:\/\/www.cardenaldonmarcelo.es\/index.php\/wp-json\/wp\/v2\/posts\/2532\/revisions\/2534"}],"wp:featuredmedia":[{"embeddable":true,"href":"https:\/\/www.cardenaldonmarcelo.es\/index.php\/wp-json\/wp\/v2\/media\/2533"}],"wp:attachment":[{"href":"https:\/\/www.cardenaldonmarcelo.es\/index.php\/wp-json\/wp\/v2\/media?parent=2532"}],"wp:term":[{"taxonomy":"category","embeddable":true,"href":"https:\/\/www.cardenaldonmarcelo.es\/index.php\/wp-json\/wp\/v2\/categories?post=2532"},{"taxonomy":"post_tag","embeddable":true,"href":"https:\/\/www.cardenaldonmarcelo.es\/index.php\/wp-json\/wp\/v2\/tags?post=2532"}],"curies":[{"name":"wp","href":"https:\/\/api.w.org\/{rel}","templated":true}]}}