{"id":2486,"date":"2024-10-12T14:02:01","date_gmt":"2024-10-12T12:02:01","guid":{"rendered":"https:\/\/www.cardenaldonmarcelo.es\/?p=2486"},"modified":"2024-10-12T14:02:01","modified_gmt":"2024-10-12T12:02:01","slug":"por-la-via-de-la-vida-y-el-servicio","status":"publish","type":"post","link":"https:\/\/www.cardenaldonmarcelo.es\/index.php\/2024\/10\/12\/por-la-via-de-la-vida-y-el-servicio\/","title":{"rendered":"Por la v\u00eda de la vida y el servicio"},"content":{"rendered":"\n<p class=\"has-text-align-center has-small-font-size\">Art\u00edculo de Monse\u00f1or RAFAEL PALMERO RAMOS, Obispo de Orihuela-Alicante en Padrenuestro, 29 de junio de 1991<\/p>\n\n\n\n<p>El Sr. Cardenal, don Marcelo, obsequia, en el d\u00eda del cincuenta aniversario de su ordenaci\u00f3n sacerdotal, a todos los miembros de su Presbiterio, con un ejemplar del libro <em>Gozo y esperanza.<\/em> Se recogen en \u00e9l diecis\u00e9is homil\u00edas suyas clemente sacerdotales. La edici\u00f3n ha sido financiada por el Cabildo de la Catedral Primada. En la carta de presentaci\u00f3n y ofrecimiento a los sacerdotes de la di\u00f3cesis, que escribe don Rafael Palmero, nuestro Obispo Auxiliar, se dibuja uno de los rasgos m\u00e1s caracter\u00edsticos de don Marcelo, sacerdote y obispo. He aqu\u00ed algunos p\u00e1rrafos de dicha carta.<\/p>\n\n\n\n<p>Todo sacerdote \u2013el Obispo lo es en grado pleno- como ministro de misterios, lo es \u201c<em>para predicar el Evangelio y apacentar a los fieles y para celebrar el culto divino<\/em>\u201d (<em>Lumen gentium<\/em> 28).<\/p>\n\n\n\n<p>Si algo hay en la vida ministerial de nuestro Prelado que le define y le distinga, es la dedicaci\u00f3n preferente a este oficio de pregonero de la fe que, como maestro aut\u00e9ntico, trata de ganar nuevos disc\u00edpulos para Cristo. Fe, que ha de ser cre\u00edda y ha de ser aplicada a la vida. Fe, que ha de ilustrarse bajo la luz del Esp\u00edritu Santo, extrayendo del tesoro de la revelaci\u00f3n cosas nuevas y viejas, hasta hacerla fructificar convenientemente (Cf. <em>Lumen gentium<\/em> 25).<\/p>\n\n\n\n<p>Se ha dicho que don Marcelo borda sus homil\u00edas. Ello se debe, en buena parte, a que prepara cada una de ellas como si fuera la primera o la \u00fanica que predica. En esto, como en tantas otras cosas, nos da un ejemplo espl\u00e9ndido. Sus carpetas hablan elocuentemente, y aumentan incesantemente con el paso de los a\u00f1os.<\/p>\n\n\n\n<p><strong>Sobre el sacerdocio<\/strong><\/p>\n\n\n\n<p>Tema que don Marcelo lleva en el coraz\u00f3n y en el alma. \u00c9l sabe muy bien \u2013y nos ha repetido con frecuencia- que el ministerio de los presb\u00edteros, \u201cque comienza por la predicaci\u00f3n evang\u00e9lica, del sacrificio de Cristo saca su fuerza y virtud\u201d, y tiende a que \u201ctoda la ciudad misma redimida, es decir, la congregaci\u00f3n de la sociedad de los santos, sea ofrecida como sacrificio universal a Dios por medio del Gran Sacerdote, que tambi\u00e9n se ofreci\u00f3 a s\u00ed mismo en la pasi\u00f3n por nosotros para que fu\u00e9ramos cuerpo de tan grande cabeza\u201d (<em>Prebyterorum ordinis<\/em> 2).<\/p>\n\n\n\n<p>El Sr. Cardenal saltar\u00e1 el d\u00eda de los santos Pedro y Pablo, de la d\u00e9cada de los cuarenta a la de los cincuenta en su vida ministerial. San Agust\u00edn explica que \u201c<em>corre por nuestra cuenta el obrar rectamente durante el tiempo del n\u00famero 40, para poder alabar a Dios en el 50<\/em>\u201d (<em>Serm\u00f3n<\/em> 252.12). y aclara: \u201cPor estas raz\u00f3n celebramos los cuarenta d\u00edas anteriores a la Vigilia Pascual entregados a la penitencia, el ayuno y la abstinencia: esos d\u00edas simbolizan el tiempo presente.<\/p>\n\n\n\n<p>En cambio, estos posteriores a la Resurrecci\u00f3n simbolizan la alegr\u00eda eterna. No son la alegr\u00eda, pero la simbolizan: se nos presenta, hermanos, de forma misteriosa, a\u00fan no en realidad\u201d.<\/p>\n\n\n\n<p>Qued\u00e9monos, pues, con esta recomendaci\u00f3n sabia y experimentada: cada uno de nosotros, queridos hermanos, ha de repasar hoy con su mente y con el coraz\u00f3n en la mano, la propia vida hacia el sacerdocio y, despu\u00e9s, la v\u00eda seguida en el sacerdocio, que es la v\u00eda de la vida y el servicio, que nos ha venido del Cen\u00e1culo. Todos recordamos el d\u00eda y la hora en que, despu\u00e9s de haber recitado juntos las letan\u00edas de los santos, postrados sobre el pavimento del templo, el obispo impuso las manos sobre cada uno de nosotros, en profundo silencio.<\/p>\n","protected":false},"excerpt":{"rendered":"<p>Art\u00edculo de Monse\u00f1or RAFAEL PALMERO RAMOS, Obispo de Orihuela-Alicante en Padrenuestro, 29 de junio de 1991 El Sr. Cardenal, don Marcelo, obsequia, en el d\u00eda del cincuenta aniversario de su ordenaci\u00f3n sacerdotal, a todos los miembros de su Presbiterio, con un ejemplar del libro Gozo y esperanza. Se recogen en \u00e9l diecis\u00e9is homil\u00edas suyas clemente [&hellip;]<\/p>\n","protected":false},"author":1,"featured_media":2487,"comment_status":"closed","ping_status":"","sticky":false,"template":"","format":"standard","meta":{"saved_in_kubio":false,"_eb_attr":"","ngg_post_thumbnail":0,"footnotes":""},"categories":[91],"tags":[],"class_list":["post-2486","post","type-post","status-publish","format-standard","has-post-thumbnail","hentry","category-en-sus-bodas-de-oro"],"jetpack_featured_media_url":"https:\/\/www.cardenaldonmarcelo.es\/wp-content\/uploads\/2024\/10\/Rafael-Palmero.png","rttpg_featured_image_url":{"full":["https:\/\/www.cardenaldonmarcelo.es\/wp-content\/uploads\/2024\/10\/Rafael-Palmero.png",626,472,false],"landscape":["https:\/\/www.cardenaldonmarcelo.es\/wp-content\/uploads\/2024\/10\/Rafael-Palmero.png",626,472,false],"portraits":["https:\/\/www.cardenaldonmarcelo.es\/wp-content\/uploads\/2024\/10\/Rafael-Palmero.png",626,472,false],"thumbnail":["https:\/\/www.cardenaldonmarcelo.es\/wp-content\/uploads\/2024\/10\/Rafael-Palmero-150x150.png",150,150,true],"medium":["https:\/\/www.cardenaldonmarcelo.es\/wp-content\/uploads\/2024\/10\/Rafael-Palmero-300x226.png",300,226,true],"large":["https:\/\/www.cardenaldonmarcelo.es\/wp-content\/uploads\/2024\/10\/Rafael-Palmero.png",626,472,false],"1536x1536":["https:\/\/www.cardenaldonmarcelo.es\/wp-content\/uploads\/2024\/10\/Rafael-Palmero.png",626,472,false],"2048x2048":["https:\/\/www.cardenaldonmarcelo.es\/wp-content\/uploads\/2024\/10\/Rafael-Palmero.png",626,472,false],"kubio-fullhd":["https:\/\/www.cardenaldonmarcelo.es\/wp-content\/uploads\/2024\/10\/Rafael-Palmero.png",626,472,false],"jetpack-portfolio-admin-thumb":["https:\/\/www.cardenaldonmarcelo.es\/wp-content\/uploads\/2024\/10\/Rafael-Palmero.png",50,38,false]},"rttpg_author":{"display_name":"P. Webmaster","author_link":"https:\/\/www.cardenaldonmarcelo.es\/index.php\/author\/currante\/"},"rttpg_comment":0,"rttpg_category":"<a href=\"https:\/\/www.cardenaldonmarcelo.es\/index.php\/category\/en-sus-bodas-de-oro\/\" rel=\"category tag\">50 aniversario de su sacerdocio<\/a>","rttpg_excerpt":"Art\u00edculo de Monse\u00f1or RAFAEL PALMERO RAMOS, Obispo de Orihuela-Alicante en Padrenuestro, 29 de junio de 1991 El Sr. Cardenal, don Marcelo, obsequia, en el d\u00eda del cincuenta aniversario de su ordenaci\u00f3n sacerdotal, a todos los miembros de su Presbiterio, con un ejemplar del libro Gozo y esperanza. Se recogen en \u00e9l diecis\u00e9is homil\u00edas suyas clemente&hellip;","_links":{"self":[{"href":"https:\/\/www.cardenaldonmarcelo.es\/index.php\/wp-json\/wp\/v2\/posts\/2486","targetHints":{"allow":["GET"]}}],"collection":[{"href":"https:\/\/www.cardenaldonmarcelo.es\/index.php\/wp-json\/wp\/v2\/posts"}],"about":[{"href":"https:\/\/www.cardenaldonmarcelo.es\/index.php\/wp-json\/wp\/v2\/types\/post"}],"author":[{"embeddable":true,"href":"https:\/\/www.cardenaldonmarcelo.es\/index.php\/wp-json\/wp\/v2\/users\/1"}],"replies":[{"embeddable":true,"href":"https:\/\/www.cardenaldonmarcelo.es\/index.php\/wp-json\/wp\/v2\/comments?post=2486"}],"version-history":[{"count":1,"href":"https:\/\/www.cardenaldonmarcelo.es\/index.php\/wp-json\/wp\/v2\/posts\/2486\/revisions"}],"predecessor-version":[{"id":2488,"href":"https:\/\/www.cardenaldonmarcelo.es\/index.php\/wp-json\/wp\/v2\/posts\/2486\/revisions\/2488"}],"wp:featuredmedia":[{"embeddable":true,"href":"https:\/\/www.cardenaldonmarcelo.es\/index.php\/wp-json\/wp\/v2\/media\/2487"}],"wp:attachment":[{"href":"https:\/\/www.cardenaldonmarcelo.es\/index.php\/wp-json\/wp\/v2\/media?parent=2486"}],"wp:term":[{"taxonomy":"category","embeddable":true,"href":"https:\/\/www.cardenaldonmarcelo.es\/index.php\/wp-json\/wp\/v2\/categories?post=2486"},{"taxonomy":"post_tag","embeddable":true,"href":"https:\/\/www.cardenaldonmarcelo.es\/index.php\/wp-json\/wp\/v2\/tags?post=2486"}],"curies":[{"name":"wp","href":"https:\/\/api.w.org\/{rel}","templated":true}]}}