{"id":2477,"date":"2024-10-12T13:51:39","date_gmt":"2024-10-12T11:51:39","guid":{"rendered":"https:\/\/www.cardenaldonmarcelo.es\/?p=2477"},"modified":"2024-10-22T23:07:20","modified_gmt":"2024-10-22T21:07:20","slug":"queridos-don-mienervino-y-dona-constanza-carta-a-sus-padres","status":"publish","type":"post","link":"https:\/\/www.cardenaldonmarcelo.es\/index.php\/2024\/10\/12\/queridos-don-mienervino-y-dona-constanza-carta-a-sus-padres\/","title":{"rendered":"Queridos don Minervino y do\u00f1a Constanza, carta a sus padres"},"content":{"rendered":"\n<p class=\"has-text-align-center has-small-font-size\">por d. Juan Garc\u00eda-Santacruz Ort\u00edz,  Obispo de Guadix-Baza (Granada), Publicado en el <em>Padrenuestro<\/em> 29 de junio de 1991<\/p>\n\n\n\n<p>\u201c<em>Mi coraz\u00f3n est\u00e1 lleno de gozo y alegr\u00eda porque Dios me ha bendecido con su gracia: mi hijo Jes\u00fas ser\u00e1 ordenado sacerdote de Jesucristo el pr\u00f3ximo d\u00eda 29 de junio<\/em>\u201d. As\u00ed comunicaba esta buena nueva a sus familiares y amigos don Alejandro, el padre de uno de los veinti\u00fan llamados que van a ser ungidos y luego enviados.<\/p>\n\n\n\n<p>Y como este padre gozoso, don Jos\u00e9 y do\u00f1a Angelines, don Antonio y do\u00f1a Rosa y los dem\u00e1s, piden que nos unamos a su alegr\u00eda, que les felicitemos a ellos y a todas sus familias.<\/p>\n\n\n\n<p>Y habr\u00e1 fiesta de Primera Misa, y l\u00e1grimas de emoci\u00f3n, y beso en manos selladas con Crisma\u2026 en Toledo, Alameda de la Sagra, en L\u00e9rida y Madrid, en Val de Santo Domingo y Salamanca, en Alcal\u00e1, Talarrubias y Quero, en La Guardia, El Romeral y Zaragoza, en Malpartida de C\u00e1ceres e Higuera de Calatrava\u2026<\/p>\n\n\n\n<p>\u00a1Padres y madres de los nuevos sacerdotes! \u00a1Que Dios os bendiga con la voz entrecortada y la mano vacilante del fruto de vuestro amor!<\/p>\n\n\n\n<p>Tambi\u00e9n do\u00f1a Constanza rebosaba de felicidad hace cincuenta a\u00f1os. \u201c<em>Mi coraz\u00f3n est\u00e1 lleno de gozo y alegr\u00eda porque Dios me ha bendecido con su gracia: mi hijo Marcelo ser\u00e1 ordenado sacerdote de Jesucristo el pr\u00f3ximo d\u00eda 29 de junio en el Santuario de la Gran Promesa. Valladolid. 1941<\/em>\u201d.<\/p>\n\n\n\n<p>Seguro que do\u00f1a Constanza no hizo tarjetas de invitaci\u00f3n; no se usaban y eran malos aquellos a\u00f1os del hambre; y adem\u00e1s viuda desde que el hijo contaba tres meses; no pod\u00eda permitirse lujos. No hubo necesidad de tarjetas: ella y su Angelita, joven de veintipocos a\u00f1os, hicieron llegar la noticia. Y hubo fiesta de Primera Misa, y l\u00e1grimas de emoci\u00f3n y beso en las manos selladas con Crisma en Villanubla, Fuentes de Nava y Valladolid.<\/p>\n\n\n\n<p>No era para menos. Don Marcelo Gonz\u00e1lez Mart\u00edn, sacerdote de Jesucristo por la misericordia del Padre, empezaba una andadura solo conocida por Dios.<\/p>\n\n\n\n<p>Queridos don Minervino y do\u00f1a Constanza: recibid una sincera, gozosa y agradecida felicitaci\u00f3n por los cincuenta a\u00f1os de sacerdocio de vuestro hijo. Claro que, ya lo sab\u00e9is, don Marcelo lleg\u00f3 a m\u00e1s: desde el cielo le hab\u00e9is seguido como Obispo en Astorga, Barcelona y Toledo. \u00a1Cardenal Primado!<\/p>\n\n\n\n<p>Hoy, en sus bodas de oro sacerdotales, confiere el sacramento del Orden a veinti\u00fan j\u00f3venes que pastorear\u00e1n en las parroquias de la di\u00f3cesis y que se agregan al respetable n\u00famero de los ordenados por \u00e9l. El fruto ha sido abundante. La troje est\u00e1 jubilosa.<\/p>\n\n\n\n<p>Porque ese fruto es algo vuestro. \u00a1Felicidades! Y, \u00a1muchas gracias!, do\u00f1a Constanza y don Minervino.<\/p>\n\n\n\n<p>Publicado en el<em><strong>Padrenuestro<\/strong><\/em><\/p>\n\n\n\n<p><strong>29 de junio de 1991<\/strong><\/p>\n","protected":false},"excerpt":{"rendered":"<p>por d. Juan Garc\u00eda-Santacruz Ort\u00edz, Obispo de Guadix-Baza (Granada), Publicado en el Padrenuestro 29 de junio de 1991 \u201cMi coraz\u00f3n est\u00e1 lleno de gozo y alegr\u00eda porque Dios me ha bendecido con su gracia: mi hijo Jes\u00fas ser\u00e1 ordenado sacerdote de Jesucristo el pr\u00f3ximo d\u00eda 29 de junio\u201d. As\u00ed comunicaba esta buena nueva a sus [&hellip;]<\/p>\n","protected":false},"author":1,"featured_media":2502,"comment_status":"closed","ping_status":"closed","sticky":false,"template":"","format":"standard","meta":{"saved_in_kubio":false,"_eb_attr":"","ngg_post_thumbnail":0,"footnotes":""},"categories":[91],"tags":[],"class_list":["post-2477","post","type-post","status-publish","format-standard","has-post-thumbnail","hentry","category-en-sus-bodas-de-oro"],"jetpack_featured_media_url":"https:\/\/www.cardenaldonmarcelo.es\/wp-content\/uploads\/2024\/10\/obispo-guadix-253x180-1.jpg","rttpg_featured_image_url":{"full":["https:\/\/www.cardenaldonmarcelo.es\/wp-content\/uploads\/2024\/10\/obispo-guadix-253x180-1.jpg",253,180,false],"landscape":["https:\/\/www.cardenaldonmarcelo.es\/wp-content\/uploads\/2024\/10\/obispo-guadix-253x180-1.jpg",253,180,false],"portraits":["https:\/\/www.cardenaldonmarcelo.es\/wp-content\/uploads\/2024\/10\/obispo-guadix-253x180-1.jpg",253,180,false],"thumbnail":["https:\/\/www.cardenaldonmarcelo.es\/wp-content\/uploads\/2024\/10\/obispo-guadix-253x180-1-150x150.jpg",150,150,true],"medium":["https:\/\/www.cardenaldonmarcelo.es\/wp-content\/uploads\/2024\/10\/obispo-guadix-253x180-1.jpg",253,180,false],"large":["https:\/\/www.cardenaldonmarcelo.es\/wp-content\/uploads\/2024\/10\/obispo-guadix-253x180-1.jpg",253,180,false],"1536x1536":["https:\/\/www.cardenaldonmarcelo.es\/wp-content\/uploads\/2024\/10\/obispo-guadix-253x180-1.jpg",253,180,false],"2048x2048":["https:\/\/www.cardenaldonmarcelo.es\/wp-content\/uploads\/2024\/10\/obispo-guadix-253x180-1.jpg",253,180,false],"kubio-fullhd":["https:\/\/www.cardenaldonmarcelo.es\/wp-content\/uploads\/2024\/10\/obispo-guadix-253x180-1.jpg",253,180,false],"jetpack-portfolio-admin-thumb":["https:\/\/www.cardenaldonmarcelo.es\/wp-content\/uploads\/2024\/10\/obispo-guadix-253x180-1.jpg",50,36,false]},"rttpg_author":{"display_name":"P. Webmaster","author_link":"https:\/\/www.cardenaldonmarcelo.es\/index.php\/author\/currante\/"},"rttpg_comment":0,"rttpg_category":"<a href=\"https:\/\/www.cardenaldonmarcelo.es\/index.php\/category\/en-sus-bodas-de-oro\/\" rel=\"category tag\">50 aniversario de su sacerdocio<\/a>","rttpg_excerpt":"por d. Juan Garc\u00eda-Santacruz Ort\u00edz, Obispo de Guadix-Baza (Granada), Publicado en el Padrenuestro 29 de junio de 1991 \u201cMi coraz\u00f3n est\u00e1 lleno de gozo y alegr\u00eda porque Dios me ha bendecido con su gracia: mi hijo Jes\u00fas ser\u00e1 ordenado sacerdote de Jesucristo el pr\u00f3ximo d\u00eda 29 de junio\u201d. As\u00ed comunicaba esta buena nueva a sus&hellip;","_links":{"self":[{"href":"https:\/\/www.cardenaldonmarcelo.es\/index.php\/wp-json\/wp\/v2\/posts\/2477","targetHints":{"allow":["GET"]}}],"collection":[{"href":"https:\/\/www.cardenaldonmarcelo.es\/index.php\/wp-json\/wp\/v2\/posts"}],"about":[{"href":"https:\/\/www.cardenaldonmarcelo.es\/index.php\/wp-json\/wp\/v2\/types\/post"}],"author":[{"embeddable":true,"href":"https:\/\/www.cardenaldonmarcelo.es\/index.php\/wp-json\/wp\/v2\/users\/1"}],"replies":[{"embeddable":true,"href":"https:\/\/www.cardenaldonmarcelo.es\/index.php\/wp-json\/wp\/v2\/comments?post=2477"}],"version-history":[{"count":2,"href":"https:\/\/www.cardenaldonmarcelo.es\/index.php\/wp-json\/wp\/v2\/posts\/2477\/revisions"}],"predecessor-version":[{"id":2699,"href":"https:\/\/www.cardenaldonmarcelo.es\/index.php\/wp-json\/wp\/v2\/posts\/2477\/revisions\/2699"}],"wp:featuredmedia":[{"embeddable":true,"href":"https:\/\/www.cardenaldonmarcelo.es\/index.php\/wp-json\/wp\/v2\/media\/2502"}],"wp:attachment":[{"href":"https:\/\/www.cardenaldonmarcelo.es\/index.php\/wp-json\/wp\/v2\/media?parent=2477"}],"wp:term":[{"taxonomy":"category","embeddable":true,"href":"https:\/\/www.cardenaldonmarcelo.es\/index.php\/wp-json\/wp\/v2\/categories?post=2477"},{"taxonomy":"post_tag","embeddable":true,"href":"https:\/\/www.cardenaldonmarcelo.es\/index.php\/wp-json\/wp\/v2\/tags?post=2477"}],"curies":[{"name":"wp","href":"https:\/\/api.w.org\/{rel}","templated":true}]}}