{"id":2473,"date":"2024-10-12T13:47:25","date_gmt":"2024-10-12T11:47:25","guid":{"rendered":"https:\/\/www.cardenaldonmarcelo.es\/?p=2473"},"modified":"2024-10-12T17:49:32","modified_gmt":"2024-10-12T15:49:32","slug":"cronica-de-sus-bodas-de-oro-sacerdotales","status":"publish","type":"post","link":"https:\/\/www.cardenaldonmarcelo.es\/index.php\/2024\/10\/12\/cronica-de-sus-bodas-de-oro-sacerdotales\/","title":{"rendered":"Cr\u00f3nica de sus bodas de oro sacerdotales"},"content":{"rendered":"\n<p class=\"has-text-align-center has-small-font-size\">Cr\u00f3nica publicada en <em>Padrenuestro<\/em> 29 de junio de 1991<\/p>\n\n\n\n<p>M\u00e1s de cuatro mil personas asistieron, el d\u00eda 29 de junio, a la solemne celebraci\u00f3n eucar\u00edstica que tuvo lugar en la catedral primada, con motivo de la ordenaci\u00f3n de <strong>veintitr\u00e9s nuevos sacerdotes y de doce di\u00e1conos<\/strong>. La ordenaci\u00f3n de los nuevos sacerdotes coincid\u00eda con la fecha en que el cardenal primado celebraba el aniversario de su propia ordenaci\u00f3n, en el Santuario de la Gran Promesa, de Valladolid, el 29 de junio de 1941.<\/p>\n\n\n\n<p>Hac\u00eda m\u00e1s de cincuenta a\u00f1os que no se celebraban unas \u00f3rdenes sagradas tan numerosas. Por esta raz\u00f3n, el cabildo catedralicio instal\u00f3, tras el coro, una gran pantalla de video, con el fin de que todos los asistentes, que pasaban de cuatro mil, siguieran la celebraci\u00f3n.<\/p>\n\n\n\n<p><strong>Carta de Juan Pablo II<\/strong><\/p>\n\n\n\n<p>El cortejo procesional, que se traslad\u00f3 desde la capilla de Santiago hasta el crucero, estaba formado por doscientos setenta y cuatro sacerdotes, precedidos de la cruz que llev\u00f3 el Cardenal Mendoza en la conquista de Granada. Entre los sacerdotes concelebrantes hab\u00eda algunos venidos desde Madrid, Barcelona, \u00c1vila y Astorga, as\u00ed como de los arciprestazgos extreme\u00f1os pertenecientes a la Di\u00f3cesis Primada.<\/p>\n\n\n\n<p>Al comienzo de la eucarist\u00eda, el obispo auxiliar, don Rafael Palmero Ramos, dio lectura a una carta de felicitaci\u00f3n que Juan Pablo II envi\u00f3 a don Marcelo y cuyo texto publicamos \u00edntegramente en estas p\u00e1ginas. Antes, don Rafael manifest\u00f3 que, en este d\u00eda, \u201c<em>queremos asociarnos todos a la acci\u00f3n de gracias del Sr. Cardenal<\/em>\u201d y, recordando palabras de san Agust\u00edn, dijo que \u201c<em>para felicitar a nuestro prelado, a nuestro padre y Pastor, la Iglesia Diocesana que peregrina en Toledo le presenta este pu\u00f1ado de j\u00f3venes levitas que, por la imposici\u00f3n de sus manos, va a ser ordenados sacerdotes y di\u00e1conos<\/em>\u201d.<\/p>\n\n\n\n<p><strong>\u00bfQui\u00e9n regala y felicita?<\/strong><\/p>\n\n\n\n<p>\u201c<em>Es el mejor regalo<\/em> \u2013continu\u00f3- <em>que podemos hacer, bien lo sabemos, a don Marcelo, porque en los surcos de la arada que llega hasta aqu\u00ed han quedado escondidos muchos sudores suyos y no pocas ayudas de cuantos estamos aqu\u00ed, de la Di\u00f3cesis de Toledo y de otros hermanos venidos de fuera<\/em>\u201d. Pero precis\u00f3 don Rafael que \u201c<em>es \u00e9l, don Marcelo, quien los ordena y quien los ofrece, por tanto, a la Di\u00f3cesis de Toledo y, por su medio, a la Iglesia universal\u201d.<\/em><\/p>\n\n\n\n<p>Tras se\u00f1alar que alguno de los nuevos sacerdotes ejercer\u00e1n su ministerio en pa\u00edses de misi\u00f3n y que a estos se han de unir otros j\u00f3venes que, despu\u00e9s de haber realizado sus estudios en el Seminario de Toledo, ser\u00e1n ordenados pr\u00f3ximamente en sus di\u00f3cesis hispanoamericanas, el Obispo Auxiliar de Toledo se pregunt\u00f3: <em>\u201c\u00bfQui\u00e9n regala a qui\u00e9n? \u00bfQui\u00e9n felicita hoy a qui\u00e9n?<\/em>\u201d.<\/p>\n\n\n\n<p><strong>Homil\u00eda de don Marcelo<\/strong><\/p>\n\n\n\n<p>Finalizada la solemne proclamaci\u00f3n del evangelio, fueron llamados por su nombre los doce elegidos para el diaconado y los veintitr\u00e9s que habr\u00edan de recibir el presbiterado. El De\u00e1n de la catedral, en nombre de de la Santa Madre Iglesia present\u00f3 a los candidatos y pidi\u00f3 al Sr. Cardenal la respectiva ordenaci\u00f3n.<\/p>\n\n\n\n<p>Seguidamente don Marcelo pronunci\u00f3 la homil\u00eda, en la que se refiri\u00f3 a sus cincuenta a\u00f1os de sacerdocio. \u201c<em>Hace cincuentas a\u00f1os <\/em>\u2013 dijo-<em> yo recib\u00eda la ordenaci\u00f3n sacerdotal en el Santuario de la Gran Promesa de Valladolid; hac\u00eda dos a\u00f1os nada m\u00e1s que hab\u00eda terminado la guerra civil, doloros\u00edsima, y las conversaciones de los espa\u00f1oles de entonces casi siempre giraban en torno al recuerdo de aquel hecho, aunque muy pronto, antes de que se terminase nuestra guerra, ya se comentaba que, por ejemplo, en Toledo hab\u00edan sido asesinados m\u00e1s de trescientos sacerdotes. Al recordar eso hoy puedo tambi\u00e9n no recordar, sino referir, que m\u00e1s de trescientos sacerdotes han salido de nuestro Seminario de Toledo en estos a\u00f1os<\/em>\u201d.<\/p>\n\n\n\n<p>El Cardenal Primado dio gracias a Dios, \u201c<em>gracias incesantes, las he dado todos los d\u00edas de mi vida y seguir\u00e9 d\u00e1ndoselas mientras viva<\/em>\u201d. Agradeci\u00f3 tambi\u00e9n a Juan Pablo II, \u201c<em>que no pierde ocasi\u00f3n, por su benevolencia, de recordar a Toledo en cuantas oportunidades se le presentan<\/em>\u201d. Y, por \u00faltimo, manifest\u00f3 su agradecimiento a los \u201c<em>queridos sacerdotes, esos a quienes un escritor ilustre de la ciudad, don Luis Moreno Nieto, dedic\u00f3 la Gu\u00eda Diocesana de Toledo con esa dedicatoria tan expresiva: a los sacerdotes de Toledo, los hombres m\u00e1s buenos que he conocido. No dijo los mejores, no, dijo los hombres m\u00e1s buenos, porque de esa manera la bondad resalta y se pone de relieve y de manifiesto con m\u00e1s fuerza<\/em>\u201d.<\/p>\n\n\n\n<p>Sin embargo, resalt\u00f3 que quienes merec\u00edan la atenci\u00f3n en ese d\u00eda eran los nuevos sacerdotes. \u201c<em>Si yo pudiera <\/em>\u2013dijo-<em> os coger\u00eda a todos de la mano y os traer\u00eda aqu\u00ed quebrantando el ritual, y os pondr\u00eda junto a este altar, abraz\u00e1ndoos a todos, formando un peque\u00f1o grupo de ap\u00f3stoles, porque eso es lo que vais a ser<\/em>\u201d.<\/p>\n\n\n\n<p><strong>La mejor oferta<\/strong><\/p>\n\n\n\n<p>Aludiendo a los ap\u00f3stoles Pedro y Pablo, cuya solemnidad se celebraba ese d\u00eda, y a la misi\u00f3n de cada uno de ellos en la Iglesia, invit\u00f3 a los que iban a recibir las \u00f3rdenes sagradas a vivir con fidelidad el ministerio que les iba a ser encomendado. \u201c<em>Somos hijos de buenos padres <\/em>\u2013afirm\u00f3-<em> y nos sentimos dichosos de llevar en nuestras manos esa herencia, la del evangelio de Cristo, la de estos esforzados ap\u00f3stoles que siguen existiendo hoy, el primero de los cuales es ese cuya carta ha sido le\u00edda, ese que combate las luchas y combates que tiene que combatir y no se cansa o supera todos los cansancios, exhort\u00e1ndonos a los dem\u00e1s a trabajar tambi\u00e9n de esa manera en el mundo que nos toca vivir hoy, con sus complejidades y con sus esperanzas<\/em>\u201d.<\/p>\n\n\n\n<p>\u201c<em>Ya sab\u00e9is lo que ten\u00e9is que hacer <\/em>\u2013continu\u00f3 diciendo-<em> queridos nuevos presb\u00edteros. Para esto os orden\u00e1is y para esto nos hemos ordenado nosotros, para combatir este combate y para decir incesantemente que s\u00ed, que Cristo es el Hijo de Dios vivo y que los llevamos al mundo sin arrogancia, pero sin cobard\u00eda de ning\u00fan g\u00e9nero, porque estamos persuadidos que es la ofrenda mejor que se puede hacer a los hombres de cualquier tiempo<\/em>\u201d.<\/p>\n\n\n\n<p>Don Marcelo coment\u00f3 seguidamente el texto de los Hechos de los Ap\u00f3stoles donde se narra la liberaci\u00f3n de Pedro, tras la milagrosa rotura de sus cadenas. \u201c<em>Ahora vosotros <\/em>\u2013dijo-<em> ya no ten\u00e9is cadenas; se os han ca\u00eddo muchas adherencias que poco a poco han sido eliminadas en estos a\u00f1os de formaci\u00f3n sacerdotal; nada de cadenas, simplemente el lazo del amor, el lazo de la comunidad eclesial, porque sois hombres para amar, no para fustigar<\/em>\u201d.<\/p>\n\n\n\n<p><strong>Hombres de hoy<\/strong><\/p>\n\n\n\n<p>El Cardenal Primado, recordando uno de los signos del ritual de \u00f3rdenes anterior a la reforma lit\u00fargica conciliar, dijo \u201c<em>que las \u00fanicas ataduras que los sacerdotes admitimos son las de nuestras manos atadas con la cinta de nuestra ordenaci\u00f3n sacerdotal: esas s\u00ed, esas las admitimos, cadenas no; una cinta bordada porque es expresi\u00f3n de amor y de belleza. Buscamos la belleza de Dios, predicamos el evangelio, damos la eucarist\u00eda, limpiamos las lamas, hacemos un esfuerzo continuo en nuestros pueblos y ciudades para elevar el nivel de las almas<\/em>\u201d.<\/p>\n\n\n\n<p>Concluy\u00f3 invitando a los nuevos sacerdotes a vivir con autenticidad y valent\u00eda su vida sacerdotal: <em>\u201c\u00a1Muchachos, seminaristas, j\u00f3venes valientes! \u00a1Hombres de hoy! \u00bfQu\u00e9 es eso de ir por el mundo como si tuvi\u00e9ramos que pedirle permiso? \u00bfQu\u00e9 es eso de manifestar complejos o miedos ante las manifestaciones de una sociedad civil que a cada paso se desorienta y trompica en la calle cay\u00e9ndose de bruces entre los escombros de la corrupci\u00f3n, de la envidia, de los halagos de unos a otros y de la explotaci\u00f3n del poder por el poder, sin tener nunca, o muy raras veces, el concepto limpio del servicio, que es lo que siempre se mama en la Iglesia y se realiza tambi\u00e9n, aunque tengamos nuestras faltas y pecados. \u00a1Ay, si pudiera ir yo ahora hacia atr\u00e1s por el camino de la historia y enumerar los servicios que se han prestado a la sociedad, por ejemplo desde esta di\u00f3cesis de Toledo!<\/em>\u201d.<\/p>\n\n\n\n<p>Finalmente invit\u00f3 a todos a trabajar unidos: \u201c<em>Comunidad, es ah\u00ed donde est\u00e1 nuestra fuerza, y en la comunidad Cristo Jes\u00fas. El sacerdocio diocesano, con las puertas abiertas a la Iglesia Universal<\/em>\u201d.<\/p>\n\n\n\n<p>Tras la homil\u00eda del Cardenal Primado, dieron comienzo los ritos propios de la ordenaci\u00f3n de di\u00e1conos y, seguidamente, los de presb\u00edteros. En el ofertorio de la misa dos representantes del movimiento de hombres y mujeres de Acci\u00f3n Cat\u00f3lica hicieron entrega de una beca para el Seminario.<\/p>\n\n\n\n<p>Al t\u00e9rmino de la eucarist\u00eda, el De\u00e1n de la catedral primada, don Evencio C\u00f3freces Merino, present\u00f3 un libro editado por el cabildo en el que se recogen diecis\u00e9is homil\u00edas del Sr. Cardenal sobre temas sacerdotales.<\/p>\n","protected":false},"excerpt":{"rendered":"<p>Cr\u00f3nica publicada en Padrenuestro 29 de junio de 1991 M\u00e1s de cuatro mil personas asistieron, el d\u00eda 29 de junio, a la solemne celebraci\u00f3n eucar\u00edstica que tuvo lugar en la catedral primada, con motivo de la ordenaci\u00f3n de veintitr\u00e9s nuevos sacerdotes y de doce di\u00e1conos. La ordenaci\u00f3n de los nuevos sacerdotes coincid\u00eda con la fecha [&hellip;]<\/p>\n","protected":false},"author":1,"featured_media":2504,"comment_status":"closed","ping_status":"","sticky":false,"template":"","format":"standard","meta":{"saved_in_kubio":false,"_eb_attr":"","ngg_post_thumbnail":0,"footnotes":""},"categories":[91],"tags":[],"class_list":["post-2473","post","type-post","status-publish","format-standard","has-post-thumbnail","hentry","category-en-sus-bodas-de-oro"],"jetpack_featured_media_url":"https:\/\/www.cardenaldonmarcelo.es\/wp-content\/uploads\/2024\/10\/don.marcelo.jpg","rttpg_featured_image_url":{"full":["https:\/\/www.cardenaldonmarcelo.es\/wp-content\/uploads\/2024\/10\/don.marcelo.jpg",1000,711,false],"landscape":["https:\/\/www.cardenaldonmarcelo.es\/wp-content\/uploads\/2024\/10\/don.marcelo.jpg",1000,711,false],"portraits":["https:\/\/www.cardenaldonmarcelo.es\/wp-content\/uploads\/2024\/10\/don.marcelo.jpg",1000,711,false],"thumbnail":["https:\/\/www.cardenaldonmarcelo.es\/wp-content\/uploads\/2024\/10\/don.marcelo-150x150.jpg",150,150,true],"medium":["https:\/\/www.cardenaldonmarcelo.es\/wp-content\/uploads\/2024\/10\/don.marcelo-300x213.jpg",300,213,true],"large":["https:\/\/www.cardenaldonmarcelo.es\/wp-content\/uploads\/2024\/10\/don.marcelo.jpg",1000,711,false],"1536x1536":["https:\/\/www.cardenaldonmarcelo.es\/wp-content\/uploads\/2024\/10\/don.marcelo.jpg",1000,711,false],"2048x2048":["https:\/\/www.cardenaldonmarcelo.es\/wp-content\/uploads\/2024\/10\/don.marcelo.jpg",1000,711,false],"kubio-fullhd":["https:\/\/www.cardenaldonmarcelo.es\/wp-content\/uploads\/2024\/10\/don.marcelo.jpg",1000,711,false],"jetpack-portfolio-admin-thumb":["https:\/\/www.cardenaldonmarcelo.es\/wp-content\/uploads\/2024\/10\/don.marcelo.jpg",50,36,false]},"rttpg_author":{"display_name":"P. Webmaster","author_link":"https:\/\/www.cardenaldonmarcelo.es\/index.php\/author\/currante\/"},"rttpg_comment":0,"rttpg_category":"<a href=\"https:\/\/www.cardenaldonmarcelo.es\/index.php\/category\/en-sus-bodas-de-oro\/\" rel=\"category tag\">50 aniversario de su sacerdocio<\/a>","rttpg_excerpt":"Cr\u00f3nica publicada en Padrenuestro 29 de junio de 1991 M\u00e1s de cuatro mil personas asistieron, el d\u00eda 29 de junio, a la solemne celebraci\u00f3n eucar\u00edstica que tuvo lugar en la catedral primada, con motivo de la ordenaci\u00f3n de veintitr\u00e9s nuevos sacerdotes y de doce di\u00e1conos. La ordenaci\u00f3n de los nuevos sacerdotes coincid\u00eda con la fecha&hellip;","_links":{"self":[{"href":"https:\/\/www.cardenaldonmarcelo.es\/index.php\/wp-json\/wp\/v2\/posts\/2473","targetHints":{"allow":["GET"]}}],"collection":[{"href":"https:\/\/www.cardenaldonmarcelo.es\/index.php\/wp-json\/wp\/v2\/posts"}],"about":[{"href":"https:\/\/www.cardenaldonmarcelo.es\/index.php\/wp-json\/wp\/v2\/types\/post"}],"author":[{"embeddable":true,"href":"https:\/\/www.cardenaldonmarcelo.es\/index.php\/wp-json\/wp\/v2\/users\/1"}],"replies":[{"embeddable":true,"href":"https:\/\/www.cardenaldonmarcelo.es\/index.php\/wp-json\/wp\/v2\/comments?post=2473"}],"version-history":[{"count":1,"href":"https:\/\/www.cardenaldonmarcelo.es\/index.php\/wp-json\/wp\/v2\/posts\/2473\/revisions"}],"predecessor-version":[{"id":2474,"href":"https:\/\/www.cardenaldonmarcelo.es\/index.php\/wp-json\/wp\/v2\/posts\/2473\/revisions\/2474"}],"wp:featuredmedia":[{"embeddable":true,"href":"https:\/\/www.cardenaldonmarcelo.es\/index.php\/wp-json\/wp\/v2\/media\/2504"}],"wp:attachment":[{"href":"https:\/\/www.cardenaldonmarcelo.es\/index.php\/wp-json\/wp\/v2\/media?parent=2473"}],"wp:term":[{"taxonomy":"category","embeddable":true,"href":"https:\/\/www.cardenaldonmarcelo.es\/index.php\/wp-json\/wp\/v2\/categories?post=2473"},{"taxonomy":"post_tag","embeddable":true,"href":"https:\/\/www.cardenaldonmarcelo.es\/index.php\/wp-json\/wp\/v2\/tags?post=2473"}],"curies":[{"name":"wp","href":"https:\/\/api.w.org\/{rel}","templated":true}]}}