{"id":2464,"date":"2024-10-12T13:36:23","date_gmt":"2024-10-12T11:36:23","guid":{"rendered":"https:\/\/www.cardenaldonmarcelo.es\/?p=2464"},"modified":"2024-10-12T13:40:18","modified_gmt":"2024-10-12T11:40:18","slug":"historia-de-un-cardenal-en-documentos-los-contenidos-del-archivo-de-d-marcelo","status":"publish","type":"post","link":"https:\/\/www.cardenaldonmarcelo.es\/index.php\/2024\/10\/12\/historia-de-un-cardenal-en-documentos-los-contenidos-del-archivo-de-d-marcelo\/","title":{"rendered":"Historia de un cardenal en documentos &#8212; los contenidos del archivo de d. Marcelo"},"content":{"rendered":"\n<p>Art\u00edculo de Javier Guayerbas &#8211; fecha desconocida<\/p>\n\n\n\n<p>Tras una peque\u00f1a puerta en el claustro superior de la Catedral trabaja desde hace ocho a\u00f1os <strong>Santiago Calvo<\/strong>, can\u00f3nigo y secretario del cardenal Marcelo Gonz\u00e1lez Mart\u00edn desde su consagraci\u00f3n como obispo de Astorga en 1961 hasta su fallecimiento en 2004. Un ordenador sobre una mesa de despacho y una impresora, cuadros y fotograf\u00edas del prelado cuelgan de las paredes que quedan libres entre los armarios que se alzan hasta el techo, y en su interior, cajas y carpetas con los documentos del archivo personal del cardenal al que Toledo conoci\u00f3 y llam\u00f3 <strong>Don Marcelo<\/strong>. Manuscritos y fotograf\u00edas que narran la historia de un hombre protagonista en la Transici\u00f3n, en el Concilio Vaticano II o en los dos c\u00f3nclaves de 1978 para la elecci\u00f3n de los papas Juan Pablo I y Juan Pablo II, hoy santo.<\/p>\n\n\n\n<p>Ahora, en el d\u00e9cimo aniversario de la muerte del purpurado vallisoletano, Santiago Calvo comparte el trabajo de estos a\u00f1os dedicado al archivo del cardenal, en el que se conservan desde las <em>Bulas Pontificias<\/em> con los nombramientos como pastor al frente de Astorga, Barcelona y Toledo, correspondencia con la Casa Real, beatos y santos, hasta manuscritos compartidos con varios papas, homil\u00edas y fotograf\u00edas.<\/p>\n\n\n\n<h2 class=\"wp-block-heading\"><strong>Primeros documentos<\/strong><\/h2>\n\n\n\n<p>El documento con mayor antig\u00fcedad conservado en el archivo capitular de la Catedral Primada con la r\u00fabrica del cardenal y arzobispo de Toledo en el periodo 1971-1995 es una conferencia en cuartillas que Don Marcelo imparti\u00f3 a los j\u00f3venes de su localidad natal, Villanubla, el 4 de enero de 1934, con tan s\u00f3lo 16 a\u00f1os.<\/p>\n\n\n\n<p>A partir de ese momento, el joven guarda y conserva sus cuartillas manuscritas con los ejercicios del Seminario, trabajos sobre Gustavo Adolfo B\u00e9cquer o Calder\u00f3n de la Barca, as\u00ed como sus estudios de ret\u00f3rica fechados en 1936 o una conferencia sobre la Hispanidad, son algunos de los documentos archivados en 62 carpetas que forman este primer cat\u00e1logo del cardenal Marcelo.<\/p>\n\n\n\n<h2 class=\"wp-block-heading\"><strong>Bulas Pontificias<\/strong><\/h2>\n\n\n\n<div class=\"wp-block-group is-nowrap is-layout-flex wp-container-core-group-is-layout-ad2f72ca wp-block-group-is-layout-flex\">\n<figure class=\"wp-block-image size-full is-resized\"><img fetchpriority=\"high\" decoding=\"async\" width=\"644\" height=\"414\" src=\"https:\/\/www.cardenaldonmarcelo.es\/wp-content\/uploads\/2024\/10\/sellos.bulas_.archivo.jpg\" alt=\"\" class=\"wp-image-2469\" style=\"width:388px;height:auto\" srcset=\"https:\/\/www.cardenaldonmarcelo.es\/wp-content\/uploads\/2024\/10\/sellos.bulas_.archivo.jpg 644w, https:\/\/www.cardenaldonmarcelo.es\/wp-content\/uploads\/2024\/10\/sellos.bulas_.archivo-300x193.jpg 300w\" sizes=\"(max-width: 644px) 100vw, 644px\" \/><\/figure>\n\n\n\n<p>En una caja cuadrada y atada con una cinta roja, Santiago Calvo conserva las tres bulas pontificias de los nombramientos a Don Marcelo como obispo de Astorga, Barcelona y finalmente arzobispo de Toledo, Primado de Espa\u00f1a. Una bula es un documento solemne que cumple una serie de caracter\u00edsticas, como el sello de plomo con una cruz en el centro y una representaci\u00f3n de San Pedro y San Pablo, mientras que en el reverso se consignaba el nombre del Papa del momento de su publicaci\u00f3n y el a\u00f1o del pontificado (como puede verse en la fotograf\u00eda).<\/p>\n<\/div>\n\n\n\n<p>Los documentos en pergamino que se custodian en el Archivo Capitular de la Catedral conservan los sellos en plomo de san Juan XXIII y del beato Pablo VI, quienes rubricaron los destinos pastorales del cardenal Marcelo.<\/p>\n\n\n\n<h2 class=\"wp-block-heading\"><strong>Correspondencia<\/strong><\/h2>\n\n\n\n<p>El responsable del archivo de Don Marcelo ha agrupado en una serie de cajas la correspondencia que el purpurado mantuvo a lo largo de su carrera con autoridades y personalidades eclesi\u00e1sticas, as\u00ed como con santos y beatos, cuyos aut\u00f3grafos hoy se pueden considerar reliquias.<\/p>\n\n\n\n<p>Junto a las cartas de pu\u00f1o y letra, enviadas y recibidas, se encuentran telegramas de felicitaci\u00f3n y enhorabuena, por ejemplo, cuando fue promovido por el beato Pablo VI a la Archidi\u00f3cesis de Toledo en 1971 o creado cardenal en 1973.<\/p>\n\n\n\n<p>Asimismo se conserva correspondencia con el general Francisco Franco, y m\u00e1s tarde con el rey Juan Carlos I, incluso felicitaciones navide\u00f1as de la Casa Real y fotograf\u00edas dedicadas por el monarca, su esposa, las infantas y <strong>el Pr\u00edncipe de Asturias, al que confirm\u00f3 en el Palacio de la Zarzuela en 1978<\/strong>.<\/p>\n\n\n\n<p>Entre las cartas de santos, hoy reliquias, Santiago Calvo mostraba las firmas de san Josemar\u00eda Escriv\u00e1 de Balaguer, fundador del Opus Dei, y de la carmelita descalza, santa Mar\u00eda Maravillas de Jes\u00fas que escrib\u00eda al cardenal desde el convento de La Aldehuela felicit\u00e1ndole por el cardenalato, ya que su amistad se remontaba d\u00e9cadas atr\u00e1s, pues ambos se conocieron cuando Don Marcelo ten\u00eda 27 a\u00f1os, recordaba Santiago Calvo.<\/p>\n\n\n\n<h2 class=\"wp-block-heading\"><strong>Fotograf\u00edas<\/strong><\/h2>\n\n\n\n<p>En m\u00e1s de un centenar de \u00e1lbumes se conservan fotograf\u00edas de las diferentes etapas de gobierno de Don Marcelo. Su ministerio en Astorga, sus viajes pastorales por Barcelona y su llegada a Toledo, donde permaneci\u00f3 23 a\u00f1os, son recuerdos en papel en los que el cardenal aparece con diferentes grupos de seminaristas, feligreses, obispos y papas.<\/p>\n\n\n\n<p>Don Marcelo visit\u00f3 c\u00e1rceles, asisti\u00f3 a inauguraciones, congresos y encuentros. Fue nombrado <em>Hijo Adoptivo<\/em> de Fuente de Navas en 1962, peregrin\u00f3 a Montserrat en 1966 y en su calidad de Primado de Espa\u00f1a tom\u00f3 posesi\u00f3n del cargo de consejero de Estado en 1972. Momentos plasmados en las im\u00e1genes que se conservan como testimonio gr\u00e1fico del legado del cardenal Marcelo.<\/p>\n\n\n\n<h2 class=\"wp-block-heading\"><strong>Homil\u00edas y pastoral<\/strong><\/h2>\n\n\n\n<p>Otro de los bloques importantes del archivo es el que se dedica a las homil\u00edas del prelado y a sus cartas pastorales. Las homil\u00edas se conservan en carpetas, escritas en cuartillas que m\u00e1s tarde memorizaba para predicar ante el auditorio. Entre las m\u00e1s significativas para la Archidi\u00f3cesis, la que pronunci\u00f3 el 23 de enero de 1972, fecha en la que tom\u00f3 posesi\u00f3n de la sede primada. Junto a las homil\u00edas manuscritas, en estos a\u00f1os se han digitalizado unas 340 archivadas en diferentes discos compactos.<\/p>\n\n\n\n<p>Las intervenciones del cardenal en el Concilio Vaticano II en Roma y sus cartas pastorales, como \u2018<em><strong>Un Seminario nuevo y libre\u2019<\/strong><\/em>, se conservan en el archivo en el que Santiago Calvo trabaja desde hace ocho a\u00f1os y que se ha convertido en un peque\u00f1o museo a la figura del que fue arzobispo de Toledo.<\/p>\n\n\n\n<h2 class=\"wp-block-heading\"><strong>El palio arzobispal de Barcelona. Una pieza perdida y hallada en un caj\u00f3n de la Sacrist\u00eda<\/strong><\/h2>\n\n\n\n<p>En julio de 1967, Marcelo Gonz\u00e1lez Mart\u00edn toma posesi\u00f3n de la sede de Barcelona. El can\u00f3nigo Santiago Calvo recuerda que aunque el arzobispo de Barcelona no era entonces Metropolitano, ni Barcelona era provincia eclesi\u00e1stica, el Papa Pablo VI concedi\u00f3 a Don Marcelo, como ya hab\u00eda hecho a su predecesor -Gregorio Modrego- el privilegio de poder usar el palio arzobispal dentro de la Di\u00f3cesis. Este palio fue entregado en Roma el 3 de julio de 1967 a Manuel Bonet Muix\u00ed, sacerdote de la di\u00f3cesis de Barcelona, que era auditor de la Rota Romana, el cual actu\u00f3 como <em>procurador ad casum<\/em>. Este recogi\u00f3 el palio -pieza textil de lana con seis cruces de seda negra- lo trajo a Barcelona y lo entreg\u00f3 al arzobispo Marcelo que us\u00f3 hasta su cese en Barcelona. El palio, explicaba Santiago Calvo, se guard\u00f3 en un caj\u00f3n de la sacrist\u00eda del Arzobispado de Toledo, y el cardenal no volvi\u00f3 a usarlo, pues al ser nombrado arzobispo de Toledo recibi\u00f3 el palio correspondiente que us\u00f3 y con el que fue enterrado. No ser\u00e1 hasta la llegada del actual arzobispo, Braulio Rodr\u00edguez, cuando se hall\u00f3 el palio de Don Marcelo, en una caja con el escudo de Pablo VI en un caj\u00f3n de la sacrist\u00eda. Jos\u00e9 Andr\u00e9s Cabrerizo, can\u00f3nigo de la Catedral de Valladolid, dio con la pieza extraviada que ahora se encuentra enmarcado el archivo de la Catedral.<\/p>\n\n\n\n<p>JAVIER GUAYERBAS<\/p>\n","protected":false},"excerpt":{"rendered":"<p>Art\u00edculo de Javier Guayerbas &#8211; fecha desconocida Tras una peque\u00f1a puerta en el claustro superior de la Catedral trabaja desde hace ocho a\u00f1os Santiago Calvo, can\u00f3nigo y secretario del cardenal Marcelo Gonz\u00e1lez Mart\u00edn desde su consagraci\u00f3n como obispo de Astorga en 1961 hasta su fallecimiento en 2004. Un ordenador sobre una mesa de despacho y [&hellip;]<\/p>\n","protected":false},"author":1,"featured_media":2467,"comment_status":"closed","ping_status":"","sticky":false,"template":"","format":"standard","meta":{"saved_in_kubio":false,"_eb_attr":"","ngg_post_thumbnail":0,"footnotes":""},"categories":[83],"tags":[],"class_list":["post-2464","post","type-post","status-publish","format-standard","has-post-thumbnail","hentry","category-escritos-sobre-don-marcelo"],"jetpack_featured_media_url":"https:\/\/www.cardenaldonmarcelo.es\/wp-content\/uploads\/2024\/10\/D.Santiago.archivo.jpg","rttpg_featured_image_url":{"full":["https:\/\/www.cardenaldonmarcelo.es\/wp-content\/uploads\/2024\/10\/D.Santiago.archivo.jpg",644,430,false],"landscape":["https:\/\/www.cardenaldonmarcelo.es\/wp-content\/uploads\/2024\/10\/D.Santiago.archivo.jpg",644,430,false],"portraits":["https:\/\/www.cardenaldonmarcelo.es\/wp-content\/uploads\/2024\/10\/D.Santiago.archivo.jpg",644,430,false],"thumbnail":["https:\/\/www.cardenaldonmarcelo.es\/wp-content\/uploads\/2024\/10\/D.Santiago.archivo-150x150.jpg",150,150,true],"medium":["https:\/\/www.cardenaldonmarcelo.es\/wp-content\/uploads\/2024\/10\/D.Santiago.archivo-300x200.jpg",300,200,true],"large":["https:\/\/www.cardenaldonmarcelo.es\/wp-content\/uploads\/2024\/10\/D.Santiago.archivo.jpg",644,430,false],"1536x1536":["https:\/\/www.cardenaldonmarcelo.es\/wp-content\/uploads\/2024\/10\/D.Santiago.archivo.jpg",644,430,false],"2048x2048":["https:\/\/www.cardenaldonmarcelo.es\/wp-content\/uploads\/2024\/10\/D.Santiago.archivo.jpg",644,430,false],"kubio-fullhd":["https:\/\/www.cardenaldonmarcelo.es\/wp-content\/uploads\/2024\/10\/D.Santiago.archivo.jpg",644,430,false],"jetpack-portfolio-admin-thumb":["https:\/\/www.cardenaldonmarcelo.es\/wp-content\/uploads\/2024\/10\/D.Santiago.archivo.jpg",50,33,false]},"rttpg_author":{"display_name":"P. Webmaster","author_link":"https:\/\/www.cardenaldonmarcelo.es\/index.php\/author\/currante\/"},"rttpg_comment":0,"rttpg_category":"<a href=\"https:\/\/www.cardenaldonmarcelo.es\/index.php\/category\/escritos-sobre-don-marcelo\/\" rel=\"category tag\">Escritos sobre don Marcelo<\/a>","rttpg_excerpt":"Art\u00edculo de Javier Guayerbas &#8211; fecha desconocida Tras una peque\u00f1a puerta en el claustro superior de la Catedral trabaja desde hace ocho a\u00f1os Santiago Calvo, can\u00f3nigo y secretario del cardenal Marcelo Gonz\u00e1lez Mart\u00edn desde su consagraci\u00f3n como obispo de Astorga en 1961 hasta su fallecimiento en 2004. Un ordenador sobre una mesa de despacho y&hellip;","_links":{"self":[{"href":"https:\/\/www.cardenaldonmarcelo.es\/index.php\/wp-json\/wp\/v2\/posts\/2464","targetHints":{"allow":["GET"]}}],"collection":[{"href":"https:\/\/www.cardenaldonmarcelo.es\/index.php\/wp-json\/wp\/v2\/posts"}],"about":[{"href":"https:\/\/www.cardenaldonmarcelo.es\/index.php\/wp-json\/wp\/v2\/types\/post"}],"author":[{"embeddable":true,"href":"https:\/\/www.cardenaldonmarcelo.es\/index.php\/wp-json\/wp\/v2\/users\/1"}],"replies":[{"embeddable":true,"href":"https:\/\/www.cardenaldonmarcelo.es\/index.php\/wp-json\/wp\/v2\/comments?post=2464"}],"version-history":[{"count":3,"href":"https:\/\/www.cardenaldonmarcelo.es\/index.php\/wp-json\/wp\/v2\/posts\/2464\/revisions"}],"predecessor-version":[{"id":2470,"href":"https:\/\/www.cardenaldonmarcelo.es\/index.php\/wp-json\/wp\/v2\/posts\/2464\/revisions\/2470"}],"wp:featuredmedia":[{"embeddable":true,"href":"https:\/\/www.cardenaldonmarcelo.es\/index.php\/wp-json\/wp\/v2\/media\/2467"}],"wp:attachment":[{"href":"https:\/\/www.cardenaldonmarcelo.es\/index.php\/wp-json\/wp\/v2\/media?parent=2464"}],"wp:term":[{"taxonomy":"category","embeddable":true,"href":"https:\/\/www.cardenaldonmarcelo.es\/index.php\/wp-json\/wp\/v2\/categories?post=2464"},{"taxonomy":"post_tag","embeddable":true,"href":"https:\/\/www.cardenaldonmarcelo.es\/index.php\/wp-json\/wp\/v2\/tags?post=2464"}],"curies":[{"name":"wp","href":"https:\/\/api.w.org\/{rel}","templated":true}]}}