{"id":2417,"date":"2024-10-10T13:16:21","date_gmt":"2024-10-10T11:16:21","guid":{"rendered":"https:\/\/www.cardenaldonmarcelo.es\/?p=2417"},"modified":"2024-10-10T17:31:04","modified_gmt":"2024-10-10T15:31:04","slug":"el-alma-catolica-de-espana","status":"publish","type":"post","link":"https:\/\/www.cardenaldonmarcelo.es\/index.php\/2024\/10\/10\/el-alma-catolica-de-espana\/","title":{"rendered":"El alma cat\u00f3lica de Espa\u00f1a"},"content":{"rendered":"\n<p>Este libro es el resumen de la tesis doctoral de d. Gonzalo P\u00e9rez-Boccherini Stampa (1974), doctor en Teolog\u00eda por la Universidad Eclesi\u00e1stica San D\u00e1maso de Madrid, en la que ejerce la docencia como profesor desde 2008. Gonzalo es tambi\u00e9n sacerdote de la di\u00f3cesis de Getafe en la que es p\u00e1rroco de San Carlos Borromeo en Villanueva de la Ca\u00f1ada y adem\u00e1s es responsable del \u00c1rea de Primer Anuncio y fundador del Foro de Nueva Evangelizaci\u00f3n. Ha sido delegado diocesano de Juventud durante diecis\u00e9is a\u00f1os. Entre sus publicaciones est\u00e1n el Manual de Pastoral de Juventud, editado por San D\u00e1maso y la Gu\u00eda para aprovechar la Jornada Mundial de la Juventud.<\/p>\n\n\n\n<p>En el libro desarrolla uno de los ejes del ministerio episcopal de d. Marcelo, el del alma cat\u00f3lica de Espa\u00f1a. Este eje puede compararse con el amor que san Juan Pablo II mostr\u00f3 por su patria polaca. Su libro es esencial para profundizar en tres temas: la Iglesia en Espa\u00f1a en la segunda mitad del siglo XX, como la transici\u00f3n espa\u00f1ola y la recepci\u00f3n del Concilio Vaticano II.<\/p>\n\n\n\n<figure class=\"wp-block-embed is-type-video is-provider-youtube wp-block-embed-youtube wp-embed-aspect-16-9 wp-has-aspect-ratio\"><div class=\"wp-block-embed__wrapper\">\n<iframe title=\"Gonzalo P\u00e9rez-Boccherini: &quot;El catolicismo ha sido el motor de la historia de Espa\u00f1a&quot;\" width=\"500\" height=\"281\" src=\"https:\/\/www.youtube.com\/embed\/gGI7CrCBOCM?feature=oembed\" frameborder=\"0\" allow=\"accelerometer; autoplay; clipboard-write; encrypted-media; gyroscope; picture-in-picture; web-share\" referrerpolicy=\"strict-origin-when-cross-origin\" allowfullscreen><\/iframe>\n<\/div><\/figure>\n\n\n\n<hr class=\"wp-block-separator has-alpha-channel-opacity\"\/>\n\n\n\n\n\n\n\n<p><\/p>\n","protected":false},"excerpt":{"rendered":"<p>Este libro es el resumen de la tesis doctoral de d. Gonzalo P\u00e9rez-Boccherini Stampa (1974), doctor en Teolog\u00eda por la Universidad Eclesi\u00e1stica San D\u00e1maso de Madrid, en la que ejerce la docencia como profesor desde 2008. Gonzalo es tambi\u00e9n sacerdote de la di\u00f3cesis de Getafe en la que es p\u00e1rroco de San Carlos Borromeo en [&hellip;]<\/p>\n","protected":false},"author":1,"featured_media":2421,"comment_status":"closed","ping_status":"closed","sticky":false,"template":"","format":"standard","meta":{"saved_in_kubio":false,"_eb_attr":"","ngg_post_thumbnail":0,"footnotes":""},"categories":[90],"tags":[],"class_list":["post-2417","post","type-post","status-publish","format-standard","has-post-thumbnail","hentry","category-libros-sobre-d-marcelo"],"jetpack_featured_media_url":"https:\/\/www.cardenaldonmarcelo.es\/wp-content\/uploads\/2024\/10\/alma.catolica-1.jpg","rttpg_featured_image_url":{"full":["https:\/\/www.cardenaldonmarcelo.es\/wp-content\/uploads\/2024\/10\/alma.catolica-1.jpg",1800,1000,false],"landscape":["https:\/\/www.cardenaldonmarcelo.es\/wp-content\/uploads\/2024\/10\/alma.catolica-1.jpg",1800,1000,false],"portraits":["https:\/\/www.cardenaldonmarcelo.es\/wp-content\/uploads\/2024\/10\/alma.catolica-1.jpg",1800,1000,false],"thumbnail":["https:\/\/www.cardenaldonmarcelo.es\/wp-content\/uploads\/2024\/10\/alma.catolica-1-150x150.jpg",150,150,true],"medium":["https:\/\/www.cardenaldonmarcelo.es\/wp-content\/uploads\/2024\/10\/alma.catolica-1-300x167.jpg",300,167,true],"large":["https:\/\/www.cardenaldonmarcelo.es\/wp-content\/uploads\/2024\/10\/alma.catolica-1-1024x569.jpg",1024,569,true],"1536x1536":["https:\/\/www.cardenaldonmarcelo.es\/wp-content\/uploads\/2024\/10\/alma.catolica-1-1536x853.jpg",1536,853,true],"2048x2048":["https:\/\/www.cardenaldonmarcelo.es\/wp-content\/uploads\/2024\/10\/alma.catolica-1.jpg",1800,1000,false],"kubio-fullhd":["https:\/\/www.cardenaldonmarcelo.es\/wp-content\/uploads\/2024\/10\/alma.catolica-1.jpg",1800,1000,false],"jetpack-portfolio-admin-thumb":["https:\/\/www.cardenaldonmarcelo.es\/wp-content\/uploads\/2024\/10\/alma.catolica-1.jpg",50,28,false]},"rttpg_author":{"display_name":"P. Webmaster","author_link":"https:\/\/www.cardenaldonmarcelo.es\/index.php\/author\/currante\/"},"rttpg_comment":0,"rttpg_category":"<a href=\"https:\/\/www.cardenaldonmarcelo.es\/index.php\/category\/libros-sobre-d-marcelo\/\" rel=\"category tag\">Libros sobre d. Marcelo<\/a>","rttpg_excerpt":"Este libro es el resumen de la tesis doctoral de d. Gonzalo P\u00e9rez-Boccherini Stampa (1974), doctor en Teolog\u00eda por la Universidad Eclesi\u00e1stica San D\u00e1maso de Madrid, en la que ejerce la docencia como profesor desde 2008. Gonzalo es tambi\u00e9n sacerdote de la di\u00f3cesis de Getafe en la que es p\u00e1rroco de San Carlos Borromeo en&hellip;","_links":{"self":[{"href":"https:\/\/www.cardenaldonmarcelo.es\/index.php\/wp-json\/wp\/v2\/posts\/2417","targetHints":{"allow":["GET"]}}],"collection":[{"href":"https:\/\/www.cardenaldonmarcelo.es\/index.php\/wp-json\/wp\/v2\/posts"}],"about":[{"href":"https:\/\/www.cardenaldonmarcelo.es\/index.php\/wp-json\/wp\/v2\/types\/post"}],"author":[{"embeddable":true,"href":"https:\/\/www.cardenaldonmarcelo.es\/index.php\/wp-json\/wp\/v2\/users\/1"}],"replies":[{"embeddable":true,"href":"https:\/\/www.cardenaldonmarcelo.es\/index.php\/wp-json\/wp\/v2\/comments?post=2417"}],"version-history":[{"count":4,"href":"https:\/\/www.cardenaldonmarcelo.es\/index.php\/wp-json\/wp\/v2\/posts\/2417\/revisions"}],"predecessor-version":[{"id":2429,"href":"https:\/\/www.cardenaldonmarcelo.es\/index.php\/wp-json\/wp\/v2\/posts\/2417\/revisions\/2429"}],"wp:featuredmedia":[{"embeddable":true,"href":"https:\/\/www.cardenaldonmarcelo.es\/index.php\/wp-json\/wp\/v2\/media\/2421"}],"wp:attachment":[{"href":"https:\/\/www.cardenaldonmarcelo.es\/index.php\/wp-json\/wp\/v2\/media?parent=2417"}],"wp:term":[{"taxonomy":"category","embeddable":true,"href":"https:\/\/www.cardenaldonmarcelo.es\/index.php\/wp-json\/wp\/v2\/categories?post=2417"},{"taxonomy":"post_tag","embeddable":true,"href":"https:\/\/www.cardenaldonmarcelo.es\/index.php\/wp-json\/wp\/v2\/tags?post=2417"}],"curies":[{"name":"wp","href":"https:\/\/api.w.org\/{rel}","templated":true}]}}