{"id":2401,"date":"2024-10-09T23:21:46","date_gmt":"2024-10-09T21:21:46","guid":{"rendered":"https:\/\/www.cardenaldonmarcelo.es\/?p=2401"},"modified":"2024-10-09T23:21:46","modified_gmt":"2024-10-09T21:21:46","slug":"un-recuerdo-en-la-fiesta-de-san-marcelo","status":"publish","type":"post","link":"https:\/\/www.cardenaldonmarcelo.es\/index.php\/2024\/10\/09\/un-recuerdo-en-la-fiesta-de-san-marcelo\/","title":{"rendered":"Un recuerdo en la fiesta de san Marcelo"},"content":{"rendered":"\n<p class=\"has-text-align-center has-small-font-size\">Rafael Palmero Ramos, Obispo de Orihuela-Alicante<\/p>\n\n\n\n<p>Si viviera, don Marcelo cumplir\u00eda hoy, 16 de enero, 93 a\u00f1os. Y honrar\u00eda, como lo hizo siempre, a su Santo Patrono, san Marcelo, para y m\u00e1rtir, en el siglo IV de nuestra era. Pero \u00e9l ya no est\u00e1 entre nosotros. Vol\u00f3 al cielo el 25 de agosto de 2004, y, por lo mismo, ahora es tambi\u00e9n \u00e9l, intercesor y abogado. Los que seguimos queri\u00e9ndole somos muchos y muchos los que, de vez en cuando, levantamos nuestra mirada al cielo, repitiendo e identific\u00e1ndonos con \u00e9l, palabras que don Marcelo escribi\u00f3 para su oraci\u00f3n vespertina.<\/p>\n\n\n\n<figure class=\"wp-block-image\"><img decoding=\"async\" src=\"https:\/\/www.cardenaldonmarcelo.es\/archivos\/rafael_palmerocardenal.gif\" alt=\"\"\/><\/figure>\n\n\n\n<p>Yo las digo frecuentemente, con una variante de horario. Las digo por la ma\u00f1ana, despu\u00e9s del ofrecimiento de obras al Sagrado Coraz\u00f3n de Jes\u00fas, y tras haber renovado mi consagraci\u00f3n personal a la Virgen y haber encomendado a san Jos\u00e9 con esta petici\u00f3n r\u00edtmica, a los vivos y a los difuntos\u2026<br>\u201c\u00a1Oh Jes\u00fas, amado Jes\u00fas, Hijo de Dios, hermano de los hombres, Redentor de la humanidad! Estoy contento de haberte ofrecido mi vida porque T\u00fa me llamaste. Ahora que llega a su fin, rec\u00edbela en tus manos como un fruto de la humilde tierra, como si fuera un poco del pan y del vino de la Misa; y pres\u00e9ntala al Padre, para que \u00c9l la bendiga y l haga digna de habitar junto a tu infinita belleza, perdonando mis faltas y pecados, cantando eternamente tu alabanza, lleno mi ser del gozo inefable de tu Esp\u00edritu\u201d.<\/p>\n\n\n\n<p>Ordenando papeles de su archivo personal \u2013su memoria sigue viva entre muchos- don Santiago Calvo, su fiel secretario, se sorprendi\u00f3 un d\u00eda, tanto como yo, con este recuerdo de otra fecha memorable: <\/p>\n\n\n\n<blockquote class=\"wp-block-quote is-layout-flow wp-block-quote-is-layout-flow\">\n<p>\u201cHoy, 26 de octubre de 1985, en mi despacho del Arzobispado de Toledo, en v\u00edsperas de sufrir una operaci\u00f3n quir\u00fargica\u2026 a que voy a ser sometido, escribo estas notas para que quede constancia de mi voluntad en caso de fallecimiento, ahora o en cualquier momento posterior.<br>Primero. Mi gran amor en el mundo ha sido la Iglesia de Cristo. No hay nada tan hermoso al servicio de los hombres y para gloria de Dios Padre. A ella me encomiendo como un pobre hijo humilde y pecador que la ama de todo coraz\u00f3n. Conf\u00edo en las oraciones que Ella, la Iglesia, ofrece en estos casos por un hijo suyo, obispo, y en las oraciones y sufragios de muchas personas muy amigas y de los sacerdotes, comunidades religiosas, seminaristas, etc. Y las de mi hermana Angelita y familias m\u00e1s cercanas y en las de mis colaboradores inmediatos, don Santiago y don Rafael\u2026<\/p>\n<\/blockquote>\n\n\n\n<blockquote class=\"wp-block-quote is-layout-flow wp-block-quote-is-layout-flow\">\n<p>A mis fieles colaboradores, don Santiago y don Rafael, que tantos a\u00f1os llevan conmigo, les pido me perdonen lo que les haya hecho sufrir. Hacia ellos no tengo m\u00e1s que agradecimiento, porque han sido valios\u00edsimos auxiliares m\u00edos en mis ministerios y en las horas dif\u00edciles que hube de pasar en Barcelona. Aumentar\u00e1 mi alegr\u00eda el d\u00eda que vuelva a verles en la presencia del Se\u00f1or. Les agradezco mucho, mucho, todo lo que han hecho por m\u00ed en tantas y tantas ocasiones. Para ellos mi bendici\u00f3n\u201d.<\/p>\n<\/blockquote>\n\n\n\n<p>Una prueba m\u00e1s \u2013sin que sea la \u00fanica, ni quiz\u00e1 la m\u00e1s evidenciadora- de que la memoria, siempre agradecida, de tan buen Pastor de la Iglesia sigue viva, en Espa\u00f1a y m\u00e1s all\u00e1 del Atl\u00e1ntico. Memoria que se conoce y evidencia por sus frutos. Lo recordamos obispos, sacerdotes, religiosos, religiosas y fieles seglares. S\u00ed, lo recordamos, que es tanto como decir, lo tenemos frecuentemente en el coraz\u00f3n. Rezamos por \u00e9l y le rezamos a \u00e9l. \u201cHermosa es la amistad de los hombres, precisa san Agust\u00edn, por la uni\u00f3n que hace de muchas almas con el dulce nudo del amor\u201d.<\/p>\n\n\n\n<p>Que la fraterna solicitud de los bienaventurados contribuya de veras a remediar nuestra debilidad.<\/p>\n","protected":false},"excerpt":{"rendered":"<p>Rafael Palmero Ramos, Obispo de Orihuela-Alicante Si viviera, don Marcelo cumplir\u00eda hoy, 16 de enero, 93 a\u00f1os. Y honrar\u00eda, como lo hizo siempre, a su Santo Patrono, san Marcelo, para y m\u00e1rtir, en el siglo IV de nuestra era. Pero \u00e9l ya no est\u00e1 entre nosotros. Vol\u00f3 al cielo el 25 de agosto de 2004, [&hellip;]<\/p>\n","protected":false},"author":1,"featured_media":2402,"comment_status":"closed","ping_status":"","sticky":false,"template":"","format":"standard","meta":{"saved_in_kubio":false,"_eb_attr":"","ngg_post_thumbnail":0,"footnotes":""},"categories":[83],"tags":[],"class_list":["post-2401","post","type-post","status-publish","format-standard","has-post-thumbnail","hentry","category-escritos-sobre-don-marcelo"],"jetpack_featured_media_url":"https:\/\/www.cardenaldonmarcelo.es\/wp-content\/uploads\/2024\/10\/rafael_palmeroYcardenal.jpg","rttpg_featured_image_url":{"full":["https:\/\/www.cardenaldonmarcelo.es\/wp-content\/uploads\/2024\/10\/rafael_palmeroYcardenal.jpg",660,517,false],"landscape":["https:\/\/www.cardenaldonmarcelo.es\/wp-content\/uploads\/2024\/10\/rafael_palmeroYcardenal.jpg",660,517,false],"portraits":["https:\/\/www.cardenaldonmarcelo.es\/wp-content\/uploads\/2024\/10\/rafael_palmeroYcardenal.jpg",660,517,false],"thumbnail":["https:\/\/www.cardenaldonmarcelo.es\/wp-content\/uploads\/2024\/10\/rafael_palmeroYcardenal-150x150.jpg",150,150,true],"medium":["https:\/\/www.cardenaldonmarcelo.es\/wp-content\/uploads\/2024\/10\/rafael_palmeroYcardenal-300x235.jpg",300,235,true],"large":["https:\/\/www.cardenaldonmarcelo.es\/wp-content\/uploads\/2024\/10\/rafael_palmeroYcardenal.jpg",660,517,false],"1536x1536":["https:\/\/www.cardenaldonmarcelo.es\/wp-content\/uploads\/2024\/10\/rafael_palmeroYcardenal.jpg",660,517,false],"2048x2048":["https:\/\/www.cardenaldonmarcelo.es\/wp-content\/uploads\/2024\/10\/rafael_palmeroYcardenal.jpg",660,517,false],"kubio-fullhd":["https:\/\/www.cardenaldonmarcelo.es\/wp-content\/uploads\/2024\/10\/rafael_palmeroYcardenal.jpg",660,517,false],"jetpack-portfolio-admin-thumb":["https:\/\/www.cardenaldonmarcelo.es\/wp-content\/uploads\/2024\/10\/rafael_palmeroYcardenal.jpg",50,39,false]},"rttpg_author":{"display_name":"P. Webmaster","author_link":"https:\/\/www.cardenaldonmarcelo.es\/index.php\/author\/currante\/"},"rttpg_comment":0,"rttpg_category":"<a href=\"https:\/\/www.cardenaldonmarcelo.es\/index.php\/category\/escritos-sobre-don-marcelo\/\" rel=\"category tag\">Escritos sobre don Marcelo<\/a>","rttpg_excerpt":"Rafael Palmero Ramos, Obispo de Orihuela-Alicante Si viviera, don Marcelo cumplir\u00eda hoy, 16 de enero, 93 a\u00f1os. Y honrar\u00eda, como lo hizo siempre, a su Santo Patrono, san Marcelo, para y m\u00e1rtir, en el siglo IV de nuestra era. Pero \u00e9l ya no est\u00e1 entre nosotros. Vol\u00f3 al cielo el 25 de agosto de 2004,&hellip;","_links":{"self":[{"href":"https:\/\/www.cardenaldonmarcelo.es\/index.php\/wp-json\/wp\/v2\/posts\/2401","targetHints":{"allow":["GET"]}}],"collection":[{"href":"https:\/\/www.cardenaldonmarcelo.es\/index.php\/wp-json\/wp\/v2\/posts"}],"about":[{"href":"https:\/\/www.cardenaldonmarcelo.es\/index.php\/wp-json\/wp\/v2\/types\/post"}],"author":[{"embeddable":true,"href":"https:\/\/www.cardenaldonmarcelo.es\/index.php\/wp-json\/wp\/v2\/users\/1"}],"replies":[{"embeddable":true,"href":"https:\/\/www.cardenaldonmarcelo.es\/index.php\/wp-json\/wp\/v2\/comments?post=2401"}],"version-history":[{"count":1,"href":"https:\/\/www.cardenaldonmarcelo.es\/index.php\/wp-json\/wp\/v2\/posts\/2401\/revisions"}],"predecessor-version":[{"id":2403,"href":"https:\/\/www.cardenaldonmarcelo.es\/index.php\/wp-json\/wp\/v2\/posts\/2401\/revisions\/2403"}],"wp:featuredmedia":[{"embeddable":true,"href":"https:\/\/www.cardenaldonmarcelo.es\/index.php\/wp-json\/wp\/v2\/media\/2402"}],"wp:attachment":[{"href":"https:\/\/www.cardenaldonmarcelo.es\/index.php\/wp-json\/wp\/v2\/media?parent=2401"}],"wp:term":[{"taxonomy":"category","embeddable":true,"href":"https:\/\/www.cardenaldonmarcelo.es\/index.php\/wp-json\/wp\/v2\/categories?post=2401"},{"taxonomy":"post_tag","embeddable":true,"href":"https:\/\/www.cardenaldonmarcelo.es\/index.php\/wp-json\/wp\/v2\/tags?post=2401"}],"curies":[{"name":"wp","href":"https:\/\/api.w.org\/{rel}","templated":true}]}}