{"id":2399,"date":"2024-10-09T23:12:52","date_gmt":"2024-10-09T21:12:52","guid":{"rendered":"https:\/\/www.cardenaldonmarcelo.es\/?p=2399"},"modified":"2024-10-09T23:12:52","modified_gmt":"2024-10-09T21:12:52","slug":"d-marcelo-padre-conciliar","status":"publish","type":"post","link":"https:\/\/www.cardenaldonmarcelo.es\/index.php\/2024\/10\/09\/d-marcelo-padre-conciliar\/","title":{"rendered":"D. Marcelo, padre conciliar"},"content":{"rendered":"\n<p class=\"has-text-align-center has-small-font-size\">D. Rafael Palmero Ramos (+), obispo de Orihuela Alicante. Publicado en Padre Nuestro, 14-15 de Enero de 2012<\/p>\n\n\n\n<p>Recib\u00ed hace unas semanas copia de una carta, hermosa y rica en contenido, que nuestro querido don Pablo Borrachina escribi\u00f3 a un sacerdote de Alicante, en octubre de 1964. En uno de los p\u00e1rrafos dice: \u00abHace unos d\u00edas, el Sr. Obispo de Astorga, mi buen amigo don Marcelo Gonz\u00e1lez, en una de las mejores intervenciones de los espa\u00f1oles, habl\u00f3 de \u2018Instituciones Post-Conciliares\u2019, que habr\u00edan de ser para el clero diocesano e interdiocesano, lo que fueron los Seminarios tridentinos para los seminaristas. Sin citar el nombre de \u2018Casas Sacerdotales\u2019, que, por ser palabra espa\u00f1ola, no hubieran entendido, estuvo hablando de ellas los diez minutos. Parece que estaba hablando de \u00abnuestra Casa Sacerdotal\u00bb. Y con los mismos pensamientos que tantas veces hemos comentado. \u00a1La goc\u00e9 lo indecible y hasta me emocion\u00e9&#8230;! Gracias a Dios. La Asamblea sigui\u00f3 su exposici\u00f3n con el aliento inhibido\u00bb.<\/p>\n\n\n\n<p>Qu\u00e9 forma tan oportuna de recordar, con esta carta, aqu\u00ed y en otras partes, a don Marcelo Gonz\u00e1lez Mart\u00edn. En ese momento, don Marcelo era Obispo de Astorga. M\u00e1s tarde fue Arzobispo de Barcelona y, finalmente, Cardenal Arzobispo de Toledo. En las tres Di\u00f3cesis, lo mismo que antes en la suya de Valladolid, celebraba el 16 de enero su santo y su cumplea\u00f1os. Somos muchos los que, en esa fecha, lo recordamos con cari\u00f1o y con gratitud. Y, a primera hora de la ma\u00f1ana, repetimos: \u00a1Felicidades, don Marcelo! La mencionada carta de don Pablo trae a mi memoria otra intervenci\u00f3n conciliar suya \u2013no menos oportuna y enriquecedora\u2013 valorada igualmente por quienes la oyeron o comentaron fuera del aula conciliar. Se recoge, con leves matices de redacci\u00f3n, en este p\u00e1rrafo de la Constituci\u00f3n dogm\u00e1tica sobre la Iglesia, Lumen gentium, 13: \u00abDe aqu\u00ed se derivan, finalmente, entre las diversas partes de la Iglesia, unos v\u00ednculos de \u00edntima comuni\u00f3n en lo que respecta a riquezas espirituales, obreros apost\u00f3licos y ayudas temporales. Los miembros del Pueblo de Dios son llamados a una comunicaci\u00f3n de bienes, y las siguientes palabras del Ap\u00f3stol pueden aplicarse a cada una de las Iglesias: \u2018El don que cada uno ha recibido, p\u00f3ngalo al servicio de los otros, como buenos administradores de la multiforme gracia de Dios\u2019 (1\u00aa Pedro 4,10)\u00bb. Una y otra intervenci\u00f3n en el aula conciliar, no s\u00f3lo rememoran, sino que hacen presente a este Padre Conciliar, cuya memoria quiere ser oraci\u00f3n y recuerdo, ruego y gratitud. Por esta raz\u00f3n que nuestro querido Papa Benedicto XVI aduce, en su carta apost\u00f3lica Porta Fidei, 5: \u00abCon el Concilio se nos ha ofrecido una Br\u00fajula segura para orientarnos en el camino del siglo que comienza (citaba a su predecesor el Beato Juan Pablo II, NMI, 308). Yo tambi\u00e9n deseo confirmar con fuerza lo que dije a prop\u00f3sito del Concilio pocos meses despu\u00e9s de mi elecci\u00f3n como sucesor de Pedro: \u2018Si lo leemos y acogemos guiados por una hermen\u00e9utica correcta, puede ser y llegar a ser cada vez m\u00e1s una fuerza para la renovaci\u00f3n siempre necesaria de la Iglesia\u2019\u00bb (22.12.2005).<\/p>\n\n\n\n<p>La renovaci\u00f3n de la Iglesia explica, a rengl\u00f3n seguido el Santo Padre, pasa tambi\u00e9n a trav\u00e9s del testimonio ofrecido por la vida de los creyentes&#8230; De los creyentes de ayer, hoy y ma\u00f1ana. Por el testimonio de vida cada vez m\u00e1s cre\u00edble. Don Marcelo es para todos los que le conocimos una inspiraci\u00f3n certera en la interpretaci\u00f3n del Concilio que pide el Papa. Pr\u00f3ximos a los cincuenta a\u00f1os de aquel acontecimiento de gracia, somos invitados como los cristianos de los primeros tiempos, con las palabras de la Carta a los Hebreos, a mirar a aquellos gu\u00edas nuestros que nos anunciaron la Palabra de Dios, a contemplar el desenlace de su vida e imitar su fe (Hebreos 13,7). Y lo que vemos al contemplar su vida es la magnanimidad y la lucidez del Pastor que ama mucho a su pueblo. Con esp\u00edritu apost\u00f3lico, recogi\u00f3 la inspiraci\u00f3n del testamento de Pablo a los ancianos de \u00c9feso: \u00abTened cuidado de vosotros y de todo el reba\u00f1o sobre el que el Esp\u00edritu Santo os ha puesto como guardianes para pastorear la Iglesia de Dios\u00bb (Hechos 20,28). Segu\u00eda as\u00ed la tradici\u00f3n tridentina que no ignoraba que la renovaci\u00f3n de la Iglesia comienza por la renovaci\u00f3n de los pastores. \u00c9sa era su intuici\u00f3n al comparar las Casas sacerdotales a los Seminarios conciliares.<\/p>\n\n\n\n<p>Al fijarnos en la vida de don Marcelo, en este 16 de enero con sabor a Concilio, reconocemos en \u00e9l al Padre Conciliar, que ejerci\u00f3 su magisterio en comuni\u00f3n con sus hermanos de episcopado y con el Sucesor de Pedro. Y se nos vienen a la cabeza aquella sentencia del libro del Eclesi\u00e1stico: En la Asamblea le pide que hable, \u00abel Se\u00f1or le har\u00e1 derramar sabias palabras\u00bb (Eclesi\u00e1stico 39,6). Y, viendo el desenlace de su vida, resulta f\u00e1cil reconocer en ella la actualizaci\u00f3n de unas palabras b\u00edblicas llenas de esperanza: lo que el Se\u00f1or quer\u00eda prosper\u00f3 por su mano (Isa\u00edas 53,10). \u00c9ste es nuestro gozo: saber que, siguiendo su ejemplo, podremos en este tiempo, como \u00e9l hizo en el suyo, acercarnos a los hombres de esta \u00e9poca \u2013como nos pide el Papa en su \u00faltima Carta\u2013 para seguir abriendo ante ellos la puerta de la fe (Hechos 14,27).<\/p>\n","protected":false},"excerpt":{"rendered":"<p>D. Rafael Palmero Ramos (+), obispo de Orihuela Alicante. Publicado en Padre Nuestro, 14-15 de Enero de 2012 Recib\u00ed hace unas semanas copia de una carta, hermosa y rica en contenido, que nuestro querido don Pablo Borrachina escribi\u00f3 a un sacerdote de Alicante, en octubre de 1964. En uno de los p\u00e1rrafos dice: \u00abHace unos [&hellip;]<\/p>\n","protected":false},"author":1,"featured_media":2334,"comment_status":"closed","ping_status":"","sticky":false,"template":"","format":"standard","meta":{"saved_in_kubio":false,"_eb_attr":"","ngg_post_thumbnail":0,"footnotes":""},"categories":[83],"tags":[],"class_list":["post-2399","post","type-post","status-publish","format-standard","has-post-thumbnail","hentry","category-escritos-sobre-don-marcelo"],"jetpack_featured_media_url":"https:\/\/www.cardenaldonmarcelo.es\/wp-content\/uploads\/2024\/10\/007.jpg","rttpg_featured_image_url":{"full":["https:\/\/www.cardenaldonmarcelo.es\/wp-content\/uploads\/2024\/10\/007.jpg",600,552,false],"landscape":["https:\/\/www.cardenaldonmarcelo.es\/wp-content\/uploads\/2024\/10\/007.jpg",600,552,false],"portraits":["https:\/\/www.cardenaldonmarcelo.es\/wp-content\/uploads\/2024\/10\/007.jpg",600,552,false],"thumbnail":["https:\/\/www.cardenaldonmarcelo.es\/wp-content\/uploads\/2024\/10\/007-150x150.jpg",150,150,true],"medium":["https:\/\/www.cardenaldonmarcelo.es\/wp-content\/uploads\/2024\/10\/007-300x276.jpg",300,276,true],"large":["https:\/\/www.cardenaldonmarcelo.es\/wp-content\/uploads\/2024\/10\/007.jpg",600,552,false],"1536x1536":["https:\/\/www.cardenaldonmarcelo.es\/wp-content\/uploads\/2024\/10\/007.jpg",600,552,false],"2048x2048":["https:\/\/www.cardenaldonmarcelo.es\/wp-content\/uploads\/2024\/10\/007.jpg",600,552,false],"kubio-fullhd":["https:\/\/www.cardenaldonmarcelo.es\/wp-content\/uploads\/2024\/10\/007.jpg",600,552,false],"jetpack-portfolio-admin-thumb":["https:\/\/www.cardenaldonmarcelo.es\/wp-content\/uploads\/2024\/10\/007.jpg",50,46,false]},"rttpg_author":{"display_name":"P. Webmaster","author_link":"https:\/\/www.cardenaldonmarcelo.es\/index.php\/author\/currante\/"},"rttpg_comment":0,"rttpg_category":"<a href=\"https:\/\/www.cardenaldonmarcelo.es\/index.php\/category\/escritos-sobre-don-marcelo\/\" rel=\"category tag\">Escritos sobre don Marcelo<\/a>","rttpg_excerpt":"D. Rafael Palmero Ramos (+), obispo de Orihuela Alicante. Publicado en Padre Nuestro, 14-15 de Enero de 2012 Recib\u00ed hace unas semanas copia de una carta, hermosa y rica en contenido, que nuestro querido don Pablo Borrachina escribi\u00f3 a un sacerdote de Alicante, en octubre de 1964. En uno de los p\u00e1rrafos dice: \u00abHace unos&hellip;","_links":{"self":[{"href":"https:\/\/www.cardenaldonmarcelo.es\/index.php\/wp-json\/wp\/v2\/posts\/2399","targetHints":{"allow":["GET"]}}],"collection":[{"href":"https:\/\/www.cardenaldonmarcelo.es\/index.php\/wp-json\/wp\/v2\/posts"}],"about":[{"href":"https:\/\/www.cardenaldonmarcelo.es\/index.php\/wp-json\/wp\/v2\/types\/post"}],"author":[{"embeddable":true,"href":"https:\/\/www.cardenaldonmarcelo.es\/index.php\/wp-json\/wp\/v2\/users\/1"}],"replies":[{"embeddable":true,"href":"https:\/\/www.cardenaldonmarcelo.es\/index.php\/wp-json\/wp\/v2\/comments?post=2399"}],"version-history":[{"count":1,"href":"https:\/\/www.cardenaldonmarcelo.es\/index.php\/wp-json\/wp\/v2\/posts\/2399\/revisions"}],"predecessor-version":[{"id":2400,"href":"https:\/\/www.cardenaldonmarcelo.es\/index.php\/wp-json\/wp\/v2\/posts\/2399\/revisions\/2400"}],"wp:featuredmedia":[{"embeddable":true,"href":"https:\/\/www.cardenaldonmarcelo.es\/index.php\/wp-json\/wp\/v2\/media\/2334"}],"wp:attachment":[{"href":"https:\/\/www.cardenaldonmarcelo.es\/index.php\/wp-json\/wp\/v2\/media?parent=2399"}],"wp:term":[{"taxonomy":"category","embeddable":true,"href":"https:\/\/www.cardenaldonmarcelo.es\/index.php\/wp-json\/wp\/v2\/categories?post=2399"},{"taxonomy":"post_tag","embeddable":true,"href":"https:\/\/www.cardenaldonmarcelo.es\/index.php\/wp-json\/wp\/v2\/tags?post=2399"}],"curies":[{"name":"wp","href":"https:\/\/api.w.org\/{rel}","templated":true}]}}