{"id":188,"date":"2024-09-11T23:11:12","date_gmt":"2024-09-11T21:11:12","guid":{"rendered":"https:\/\/www.cardenaldonmarcelo.es\/?p=188"},"modified":"2024-10-10T13:01:55","modified_gmt":"2024-10-10T11:01:55","slug":"don-marcelo-navegante-y-sembrador","status":"publish","type":"post","link":"https:\/\/www.cardenaldonmarcelo.es\/index.php\/2024\/09\/11\/don-marcelo-navegante-y-sembrador\/","title":{"rendered":"Don Marcelo, navegante y sembrador"},"content":{"rendered":"\n<div class=\"wp-block-cover alignfull wp-duotone-midnight\" style=\"margin-top:0;padding-top:48px;padding-right:48px;padding-bottom:48px;padding-left:48px;min-height:66vh;aspect-ratio:unset;\"><span aria-hidden=\"true\" class=\"wp-block-cover__background has-background-dim-30 has-background-dim\" style=\"background-color:#775357\"><\/span><img fetchpriority=\"high\" decoding=\"async\" width=\"1314\" height=\"1002\" class=\"wp-block-cover__image-background wp-image-348\" alt=\"\" src=\"https:\/\/www.cardenaldonmarcelo.es\/wp-content\/uploads\/2024\/09\/libro.d.marcelo.jpg\" data-object-fit=\"cover\" srcset=\"https:\/\/www.cardenaldonmarcelo.es\/wp-content\/uploads\/2024\/09\/libro.d.marcelo.jpg 1314w, https:\/\/www.cardenaldonmarcelo.es\/wp-content\/uploads\/2024\/09\/libro.d.marcelo-300x229.jpg 300w, https:\/\/www.cardenaldonmarcelo.es\/wp-content\/uploads\/2024\/09\/libro.d.marcelo-1024x781.jpg 1024w, https:\/\/www.cardenaldonmarcelo.es\/wp-content\/uploads\/2024\/09\/libro.d.marcelo-768x586.jpg 768w\" sizes=\"(max-width: 1314px) 100vw, 1314px\" \/><div class=\"wp-block-cover__inner-container is-layout-flow wp-block-cover-is-layout-flow\">\n<div class=\"wp-block-group\"><div class=\"wp-block-group__inner-container is-layout-constrained wp-container-core-group-is-layout-481a76f5 wp-block-group-is-layout-constrained\">\n<h2 class=\"wp-block-heading has-text-align-center has-white-color has-text-color\" style=\"font-size:51px;font-style:normal;font-weight:700;letter-spacing:0px;line-height:1;text-transform:uppercase\">Nueva biograf\u00eda de don Marcelo<\/h2>\n<\/div><\/div>\n\n\n\n<div style=\"height:72px\" aria-hidden=\"true\" class=\"wp-block-spacer\"><\/div>\n\n\n\n<div class=\"wp-block-buttons is-content-justification-center is-nowrap is-layout-flex wp-container-core-buttons-is-layout-1fb9aab6 wp-block-buttons-is-layout-flex\">\n<div class=\"wp-block-button has-custom-font-size is-style-outline is-style-outline--1\" style=\"font-size:16px;font-style:normal;font-weight:600;letter-spacing:0px;text-transform:lowercase\"><a class=\"wp-block-button__link has-white-color has-text-color wp-element-button\" href=\"https:\/\/homolegens.com\/libro\/don-marcelo\/\" style=\"padding-top:24px;padding-right:48px;padding-bottom:24px;padding-left:48px\">Comprar el libro<\/a><\/div>\n<\/div>\n<\/div><\/div>\n\n\n\n<div style=\"height:73px\" aria-hidden=\"true\" class=\"wp-block-spacer\"><\/div>\n\n\n\n<p>Recientemente se ha publicado el primer volumen de la biograf\u00eda de don Marcelo, escrita por su secretario particular, d. Santiago Calvo y los sacerdotes de Toledo d. Jos\u00e9 Luis Gal\u00e1n y d. Alberto Jos\u00e9 Gonz\u00e1lez.<\/p>\n\n\n\n<p>Esta recoge numerosos testimonios y es una obra imprescindible para conocer al Cardenal, y la historia de la Iglesia en Espa\u00f1a la segunda mitad del siglo XX, as\u00ed como su influencia en la transici\u00f3n pol\u00edtica espa\u00f1ola y en la aplicaci\u00f3n en Espa\u00f1a del Concilio Vaticano II.<\/p>\n\n\n\n<h3 class=\"wp-block-heading\">Enlaces a recensiones:<\/h3>\n\n\n\n<p><a href=\"https:\/\/www.religionenlibertad.com\/opinion\/277624308\/libro-imprescindible-don-marcelo.html\">Un libro imprescindible sobre Don Marcelo<\/a><\/p>\n\n\n\n<p><a href=\"https:\/\/www.infocatolica.com\/blog\/caballeropilar.php\/2402120948-mons-santiago-calvo-habla-de\">Mons. Santiago Calvo habla de su biograf\u00eda de D. Marcelo, con el que estuvo 43 a\u00f1os hasta que muri\u00f3<\/a><\/p>\n\n\n\n<p><a href=\"https:\/\/www.infocatolica.com\/blog\/caballeropilar.php\/2402180936-mons-gonzalez-chaves-analiza\">Mons. Gonz\u00e1lez Chaves analiza algunos aspectos del magisterio sacerdotal del cardenal Don Marcelo<\/a><\/p>\n\n\n\n<p><\/p>\n","protected":false},"excerpt":{"rendered":"<p>Recientemente se ha publicado el primer volumen de la biograf\u00eda de don Marcelo, escrita por su secretario particular, d. Santiago Calvo y los sacerdotes de Toledo d. Jos\u00e9 Luis Gal\u00e1n y d. Alberto Jos\u00e9 Gonz\u00e1lez. Esta recoge numerosos testimonios y es una obra imprescindible para conocer al Cardenal, y la historia de la Iglesia en [&hellip;]<\/p>\n","protected":false},"author":1,"featured_media":352,"comment_status":"closed","ping_status":"closed","sticky":false,"template":"","format":"standard","meta":{"saved_in_kubio":false,"_eb_attr":"","ngg_post_thumbnail":0,"footnotes":""},"categories":[90],"tags":[],"class_list":["post-188","post","type-post","status-publish","format-standard","has-post-thumbnail","hentry","category-libros-sobre-d-marcelo"],"jetpack_featured_media_url":"https:\/\/www.cardenaldonmarcelo.es\/wp-content\/uploads\/2024\/09\/libro.d.marcelo.png","rttpg_featured_image_url":{"full":["https:\/\/www.cardenaldonmarcelo.es\/wp-content\/uploads\/2024\/09\/libro.d.marcelo.png",1314,1314,false],"landscape":["https:\/\/www.cardenaldonmarcelo.es\/wp-content\/uploads\/2024\/09\/libro.d.marcelo.png",1314,1314,false],"portraits":["https:\/\/www.cardenaldonmarcelo.es\/wp-content\/uploads\/2024\/09\/libro.d.marcelo.png",1314,1314,false],"thumbnail":["https:\/\/www.cardenaldonmarcelo.es\/wp-content\/uploads\/2024\/09\/libro.d.marcelo-150x150.png",150,150,true],"medium":["https:\/\/www.cardenaldonmarcelo.es\/wp-content\/uploads\/2024\/09\/libro.d.marcelo-300x300.png",300,300,true],"large":["https:\/\/www.cardenaldonmarcelo.es\/wp-content\/uploads\/2024\/09\/libro.d.marcelo-1024x1024.png",1024,1024,true],"1536x1536":["https:\/\/www.cardenaldonmarcelo.es\/wp-content\/uploads\/2024\/09\/libro.d.marcelo.png",1314,1314,false],"2048x2048":["https:\/\/www.cardenaldonmarcelo.es\/wp-content\/uploads\/2024\/09\/libro.d.marcelo.png",1314,1314,false],"kubio-fullhd":["https:\/\/www.cardenaldonmarcelo.es\/wp-content\/uploads\/2024\/09\/libro.d.marcelo.png",1080,1080,false],"jetpack-portfolio-admin-thumb":["https:\/\/www.cardenaldonmarcelo.es\/wp-content\/uploads\/2024\/09\/libro.d.marcelo.png",50,50,false]},"rttpg_author":{"display_name":"P. Webmaster","author_link":"https:\/\/www.cardenaldonmarcelo.es\/index.php\/author\/currante\/"},"rttpg_comment":0,"rttpg_category":"<a href=\"https:\/\/www.cardenaldonmarcelo.es\/index.php\/category\/libros-sobre-d-marcelo\/\" rel=\"category tag\">Libros sobre d. Marcelo<\/a>","rttpg_excerpt":"Recientemente se ha publicado el primer volumen de la biograf\u00eda de don Marcelo, escrita por su secretario particular, d. Santiago Calvo y los sacerdotes de Toledo d. Jos\u00e9 Luis Gal\u00e1n y d. Alberto Jos\u00e9 Gonz\u00e1lez. Esta recoge numerosos testimonios y es una obra imprescindible para conocer al Cardenal, y la historia de la Iglesia en&hellip;","_links":{"self":[{"href":"https:\/\/www.cardenaldonmarcelo.es\/index.php\/wp-json\/wp\/v2\/posts\/188","targetHints":{"allow":["GET"]}}],"collection":[{"href":"https:\/\/www.cardenaldonmarcelo.es\/index.php\/wp-json\/wp\/v2\/posts"}],"about":[{"href":"https:\/\/www.cardenaldonmarcelo.es\/index.php\/wp-json\/wp\/v2\/types\/post"}],"author":[{"embeddable":true,"href":"https:\/\/www.cardenaldonmarcelo.es\/index.php\/wp-json\/wp\/v2\/users\/1"}],"replies":[{"embeddable":true,"href":"https:\/\/www.cardenaldonmarcelo.es\/index.php\/wp-json\/wp\/v2\/comments?post=188"}],"version-history":[{"count":9,"href":"https:\/\/www.cardenaldonmarcelo.es\/index.php\/wp-json\/wp\/v2\/posts\/188\/revisions"}],"predecessor-version":[{"id":362,"href":"https:\/\/www.cardenaldonmarcelo.es\/index.php\/wp-json\/wp\/v2\/posts\/188\/revisions\/362"}],"wp:featuredmedia":[{"embeddable":true,"href":"https:\/\/www.cardenaldonmarcelo.es\/index.php\/wp-json\/wp\/v2\/media\/352"}],"wp:attachment":[{"href":"https:\/\/www.cardenaldonmarcelo.es\/index.php\/wp-json\/wp\/v2\/media?parent=188"}],"wp:term":[{"taxonomy":"category","embeddable":true,"href":"https:\/\/www.cardenaldonmarcelo.es\/index.php\/wp-json\/wp\/v2\/categories?post=188"},{"taxonomy":"post_tag","embeddable":true,"href":"https:\/\/www.cardenaldonmarcelo.es\/index.php\/wp-json\/wp\/v2\/tags?post=188"}],"curies":[{"name":"wp","href":"https:\/\/api.w.org\/{rel}","templated":true}]}}